{"id":21280,"date":"2018-08-13T16:00:39","date_gmt":"2018-08-13T20:00:39","guid":{"rendered":"http:\/\/www.corumbaonline.com.br\/news\/?p=21280"},"modified":"2018-08-13T17:27:56","modified_gmt":"2018-08-13T21:27:56","slug":"trf3-nega-liberdade-ao-ex-governador-andre-puccinelli-filho-e-advogado","status":"publish","type":"post","link":"https:\/\/www.corumbaonline.com.br\/news\/trf3-nega-liberdade-ao-ex-governador-andre-puccinelli-filho-e-advogado\/","title":{"rendered":"TRF3 nega liberdade ao ex-governador Andr\u00e9 Puccinelli, filho e advogado"},"content":{"rendered":"<p>O desembargador Paulo Fontes, do TRF3 (Tribunal Regional Federal da 3\u00aa Regi\u00e3o) negou, na tarde desta segunda-feira (13), liberdade ao ex-governador Andr\u00e9 Puccinelli, ao filho dele e ao advogado Jo\u00e3o Paulo Calves. Os tr\u00eas est\u00e3o presos no Centro de Triagem de Campo Grande desde o dia 20 de julho.<\/p>\n<p>A decis\u00e3o em car\u00e1ter liminar do desembargador em recurso ajuizado pela defesa no dia 23 de julho ocorre depois do\u00a0STJ (Superior Tribunal de Justi\u00e7a) definir que cabia ao TRF3 a decis\u00e3o. Na \u00faltima sexta-feira (10), os advogados de Puccinelli\u00a0desistiram do habeas corpus\u00a0no STF (Supremo Tribunal Federal).<\/p>\n<p>No despacho desta segunda-feira, Fontes, que \u00e9 o relator do pedido, lembrou que o desembargador em substitui\u00e7\u00e3o,\u00a0Maur\u00edcio Kato, negou a liberdade aos tr\u00eas de forma regular, em 24 de julho. A defesa de Puccinelli tentava uma reconsidera\u00e7\u00e3o sobre essa decis\u00e3o.<\/p>\n<p>\u201cO feito tramitou regularmente, j\u00e1 constando dos autos as informa\u00e7\u00f5es da autoridade impetrada, bem como o parecer do Minist\u00e9rio P\u00fablico Federal, estando os autos conclusos a este relator para proceder ao julgamento\u201d, diz.<\/p>\n<p>Por fim, Fontes afirma que a decis\u00e3o do colega que o substituiu durante as f\u00e9rias n\u00e3o deve ser revista porque est\u00e1 \u201cdevidamente fundamentada\u201d.<\/p>\n<p>O m\u00e9rito pedido de liberdade da defesa ser\u00e1 analisado, agora, por um colegiado de desembargadores da 5\u00aa Turma do TRF3.<\/p>\n<h3>Pris\u00e3o<\/h3>\n<p>Al\u00e9m do ex-governador, foram presos na manh\u00e3 do dia 20 seu filho, Andr\u00e9 Puccinelli Junior, e o advogado Jo\u00e3o Paulo Calves, acusados pelo MPF (Minist\u00e9rio P\u00fablico Federal), de lavagem de dinheiro e continuidade da pr\u00e1tica de atos \u00edlicitos, mesmo ap\u00f3s a primeira pris\u00e3o do trio, em novembro de 2017, na 5\u00aa fase da Opera\u00e7\u00e3o Lama Asf\u00e1litca, a Papiros de Lama.<\/p>\n<p>Durante as investiga\u00e7\u00f5es, agentes da PF, CGU (Controladoria-Geral da Uni\u00e3o) e Receita Federal, teriam encontrados provas de que o Instituto \u00cdcones do Direito, empresa de Calves, mas que seria de Puccinelli J\u00fanior, teria recebido recursos de propinas pagas pela JBS ao ex-governador.<\/p>\n<p>Al\u00e9m da dela\u00e7\u00e3o dos irm\u00e3os Joesley e Wesley Batista, que implicaram Puccinelli, Zeca do PT e Reinaldo Azambuja (PSDB) como supostos benefici\u00e1rios de um esquema de propina, pessoas que seriam operadores do esquema junto ao governo de MS tamb\u00e9m fecharam acordos de dela\u00e7\u00e3o premiada no \u00e2mbito da Lama Asf\u00e1ltica.<\/p>\n","protected":false},"excerpt":{"rendered":"<p>O desembargador Paulo Fontes, do TRF3 (Tribunal Regional Federal da 3\u00aa Regi\u00e3o) negou, na tarde&#8230;<\/p>\n","protected":false},"author":1,"featured_media":21281,"comment_status":"closed","ping_status":"closed","sticky":false,"template":"","format":"standard","meta":{"footnotes":""},"categories":[19],"tags":[],"class_list":["post-21280","post","type-post","status-publish","format-standard","has-post-thumbnail","hentry","category-politica"],"_links":{"self":[{"href":"https:\/\/www.corumbaonline.com.br\/news\/wp-json\/wp\/v2\/posts\/21280","targetHints":{"allow":["GET"]}}],"collection":[{"href":"https:\/\/www.corumbaonline.com.br\/news\/wp-json\/wp\/v2\/posts"}],"about":[{"href":"https:\/\/www.corumbaonline.com.br\/news\/wp-json\/wp\/v2\/types\/post"}],"author":[{"embeddable":true,"href":"https:\/\/www.corumbaonline.com.br\/news\/wp-json\/wp\/v2\/users\/1"}],"replies":[{"embeddable":true,"href":"https:\/\/www.corumbaonline.com.br\/news\/wp-json\/wp\/v2\/comments?post=21280"}],"version-history":[{"count":1,"href":"https:\/\/www.corumbaonline.com.br\/news\/wp-json\/wp\/v2\/posts\/21280\/revisions"}],"predecessor-version":[{"id":21282,"href":"https:\/\/www.corumbaonline.com.br\/news\/wp-json\/wp\/v2\/posts\/21280\/revisions\/21282"}],"wp:featuredmedia":[{"embeddable":true,"href":"https:\/\/www.corumbaonline.com.br\/news\/wp-json\/wp\/v2\/media\/21281"}],"wp:attachment":[{"href":"https:\/\/www.corumbaonline.com.br\/news\/wp-json\/wp\/v2\/media?parent=21280"}],"wp:term":[{"taxonomy":"category","embeddable":true,"href":"https:\/\/www.corumbaonline.com.br\/news\/wp-json\/wp\/v2\/categories?post=21280"},{"taxonomy":"post_tag","embeddable":true,"href":"https:\/\/www.corumbaonline.com.br\/news\/wp-json\/wp\/v2\/tags?post=21280"}],"curies":[{"name":"wp","href":"https:\/\/api.w.org\/{rel}","templated":true}]}}