{"id":21283,"date":"2018-08-13T16:25:16","date_gmt":"2018-08-13T20:25:16","guid":{"rendered":"http:\/\/www.corumbaonline.com.br\/news\/?p=21283"},"modified":"2018-08-13T17:30:38","modified_gmt":"2018-08-13T21:30:38","slug":"com-descontos-especiais-senai-de-corumba-oferece-12-cursos-com-inicio-em-agosto-2","status":"publish","type":"post","link":"https:\/\/www.corumbaonline.com.br\/news\/com-descontos-especiais-senai-de-corumba-oferece-12-cursos-com-inicio-em-agosto-2\/","title":{"rendered":"Com descontos especiais, Senai de Corumb\u00e1 oferece 12 cursos com in\u00edcio em agosto"},"content":{"rendered":"<p class=\"x_MsoNormal\">O Senai de Corumb\u00e1 est\u00e1 com matr\u00edculas abertas para preencher 200 vagas distribu\u00eddas pelos cursos de t\u00e9cnicas de soldagem de manuten\u00e7\u00e3o, NR 12 \u2013 Seguran\u00e7a em M\u00e1quinas e Equipamentos, projeto de instala\u00e7\u00f5es el\u00e9tricas prediais em Autocad, procedimentos t\u00e9cnicos para gest\u00e3o de estoque, t\u00e9cnicas de atendimento ao cliente, eletricista instalador residencial, torneiro mec\u00e2nico, operador de processos qu\u00edmicos, fundamentos para atendimento eficaz, introdu\u00e7\u00e3o a eletricidade e sistemas fotovoltaicos, contabilidade b\u00e1sica e assistente administrativo, todos com in\u00edcio no m\u00eas de agosto.<\/p>\n<p class=\"x_MsoNormal\">Na avalia\u00e7\u00e3o do gerente do Senai de Corumb\u00e1, Marcelo Alexandre Zinsly, essas ofertas de cursos s\u00e3o extremamente positivas para o desenvolvimento do Estado. \u201cH\u00e1 cursos de curta, m\u00e9dia e longa dura\u00e7\u00e3o em diversas \u00e1reas tecnol\u00f3gicas que oportunizam uma s\u00e9rie de op\u00e7\u00f5es de trabalho e s\u00e3o importantes para o crescimento das ind\u00fastrias e a economia como um todo. Al\u00e9m disso, os cursos est\u00e3o com descontos especiais e diversas condi\u00e7\u00f5es de pagamento\u201d, afirmou, acrescentando que os interessados nos cursos devem comparecer na unidade com RG, CPF, comprovante de escolaridade, comprovante de resid\u00eancia, foto 3X4 e, se menor de 18 anos, dever\u00e1 estar assistido pelos pais ou respons\u00e1vel legal.<\/p>\n<p class=\"x_MsoNormal\"><b>Confira as informa\u00e7\u00f5es de cada curso:<\/b><\/p>\n<p class=\"x_MsoNormal\"><b>1 &#8211; T\u00e9cnicas de soldagem de manuten\u00e7\u00e3o<\/b><\/p>\n<p class=\"x_MsoListParagraphCxSpFirst\">\u00b7\u00a0\u00a0\u00a0\u00a0\u00a0\u00a0\u00a0\u00a0\u00a012 vagas<\/p>\n<p class=\"x_MsoListParagraphCxSpMiddle\">\u00b7\u00a0\u00a0\u00a0\u00a0\u00a0\u00a0\u00a0\u00a0\u00a0In\u00edcio das aulas: 13 de agosto<\/p>\n<p class=\"x_MsoListParagraphCxSpMiddle\">\u00b7\u00a0\u00a0\u00a0\u00a0\u00a0\u00a0\u00a0\u00a0\u00a0Escolaridade: Ensino Fundamental incompleto<\/p>\n<p class=\"x_MsoListParagraphCxSpMiddle\">\u00b7\u00a0\u00a0\u00a0\u00a0\u00a0\u00a0\u00a0\u00a0\u00a0Idade m\u00ednima: 18 anos<\/p>\n<p class=\"x_MsoListParagraphCxSpLast\">\u00b7\u00a0\u00a0\u00a0\u00a0\u00a0\u00a0\u00a0\u00a0\u00a0Descri\u00e7\u00e3o: Propiciar o aperfei\u00e7oamento de compet\u00eancias relativas \u00e0 realiza\u00e7\u00e3o de processos de soldagem, utilizando equipamentos e t\u00e9cnicas que auxiliam a manuten\u00e7\u00e3o e recupera\u00e7\u00e3o de pe\u00e7as em a\u00e7o carbono; seguindo normas t\u00e9cnicas e de qualidade, ambientais e de seguran\u00e7a<\/p>\n<p class=\"x_MsoNormal\"><b>2 \u2013 NR 12 \u2013 Seguran\u00e7a em m\u00e1quinas e equipamentos<\/b><\/p>\n<p class=\"x_MsoListParagraphCxSpFirst\">\u00b7\u00a0\u00a0\u00a0\u00a0\u00a0\u00a0\u00a0\u00a0\u00a020 vagas<\/p>\n<p class=\"x_MsoListParagraphCxSpMiddle\">\u00b7\u00a0\u00a0\u00a0\u00a0\u00a0\u00a0\u00a0\u00a0\u00a0In\u00edcio das aulas: 15 de agosto<\/p>\n<p class=\"x_MsoListParagraphCxSpMiddle\">\u00b7\u00a0\u00a0\u00a0\u00a0\u00a0\u00a0\u00a0\u00a0\u00a0Escolaridade: Ensino Fundamental incompleto<\/p>\n<p class=\"x_MsoListParagraphCxSpMiddle\">\u00b7\u00a0\u00a0\u00a0\u00a0\u00a0\u00a0\u00a0\u00a0\u00a0Idade m\u00ednima: 18 anos<\/p>\n<p class=\"x_MsoListParagraphCxSpLast\">\u00b7\u00a0\u00a0\u00a0\u00a0\u00a0\u00a0\u00a0\u00a0\u00a0Descri\u00e7\u00e3o: Aplicar procedimentos de controle de risco originados na opera\u00e7\u00e3o de maquinas e equipamentos em ambiente de trabalho, de acordo com normas t\u00e9cnicas de sa\u00fade e seguran\u00e7a do trabalho conforme prescri\u00e7\u00f5es na norma regulamentadora NR 12<\/p>\n<p class=\"x_MsoNormal\"><b>3 &#8211; Projeto de instala\u00e7\u00f5es el\u00e9tricas prediais em Autocad<\/b><\/p>\n<p class=\"x_MsoListParagraphCxSpFirst\">\u00b7\u00a0\u00a0\u00a0\u00a0\u00a0\u00a0\u00a0\u00a0\u00a024 vagas<\/p>\n<p class=\"x_MsoListParagraphCxSpMiddle\">\u00b7\u00a0\u00a0\u00a0\u00a0\u00a0\u00a0\u00a0\u00a0\u00a0In\u00edcio das aulas: 20 de agosto (1\u00aa turma) e 28 de agosto (2\u00aa turma)<\/p>\n<p class=\"x_MsoListParagraphCxSpMiddle\">\u00b7\u00a0\u00a0\u00a0\u00a0\u00a0\u00a0\u00a0\u00a0\u00a0Escolaridade: Ensino Fundamental incompleto<\/p>\n<p class=\"x_MsoListParagraphCxSpMiddle\">\u00b7\u00a0\u00a0\u00a0\u00a0\u00a0\u00a0\u00a0\u00a0\u00a0Idade m\u00ednima: 18 anos<\/p>\n<p class=\"x_MsoListParagraphCxSpLast\">\u00b7\u00a0\u00a0\u00a0\u00a0\u00a0\u00a0\u00a0\u00a0\u00a0Descri\u00e7\u00e3o: Proporcionar o desenvolvimento de compet\u00eancias para ampliar as aptid\u00f5es e habilidades necess\u00e1rias \u00e0 elabora\u00e7\u00e3o de desenhos t\u00e9cnicos bidimensionais em ferramentas CAD, destinado a projetos de instala\u00e7\u00f5es el\u00e9tricas prediais<\/p>\n<p class=\"x_MsoNormal\"><b>4 \u2013 Procedimentos t\u00e9cnicos para gest\u00e3o de estoque<\/b><\/p>\n<p class=\"x_MsoListParagraphCxSpFirst\">\u00b7\u00a0\u00a0\u00a0\u00a0\u00a0\u00a0\u00a0\u00a0\u00a012 vagas<\/p>\n<p class=\"x_MsoListParagraphCxSpMiddle\">\u00b7\u00a0\u00a0\u00a0\u00a0\u00a0\u00a0\u00a0\u00a0\u00a0In\u00edcio das aulas: 20 de agosto<\/p>\n<p class=\"x_MsoListParagraphCxSpMiddle\">\u00b7\u00a0\u00a0\u00a0\u00a0\u00a0\u00a0\u00a0\u00a0\u00a0Escolaridade: Ensino Fundamental completo<\/p>\n<p class=\"x_MsoListParagraphCxSpMiddle\">\u00b7\u00a0\u00a0\u00a0\u00a0\u00a0\u00a0\u00a0\u00a0\u00a0Idade m\u00ednima: 18 anos<\/p>\n<p class=\"x_MsoListParagraphCxSpLast\">\u00b7\u00a0\u00a0\u00a0\u00a0\u00a0\u00a0\u00a0\u00a0\u00a0Descri\u00e7\u00e3o: Aperfei\u00e7oar capacidades relativas a realiza\u00e7\u00e3o de trabalhos pertinentes \u00e0s \u00e1reas de controle de estoque de ind\u00fastrias e departamentos comerciais, de acordo com a legisla\u00e7\u00e3o vigente, procedimentos internos, normas t\u00e9cnicas, ambientais, de qualidade de sa\u00fade e seguran\u00e7a do trabalho<\/p>\n<p class=\"x_MsoNormal\"><b>5 \u2013 T\u00e9cnicas de atendimento ao cliente<\/b><\/p>\n<p class=\"x_MsoListParagraphCxSpFirst\">\u00b7\u00a0\u00a0\u00a0\u00a0\u00a0\u00a0\u00a0\u00a0\u00a012 vagas<\/p>\n<p class=\"x_MsoListParagraphCxSpMiddle\">\u00b7\u00a0\u00a0\u00a0\u00a0\u00a0\u00a0\u00a0\u00a0\u00a0In\u00edcio das aulas: 22 de agosto<\/p>\n<p class=\"x_MsoListParagraphCxSpMiddle\">\u00b7\u00a0\u00a0\u00a0\u00a0\u00a0\u00a0\u00a0\u00a0\u00a0Escolaridade: Ensino Fundamental incompleto<\/p>\n<p class=\"x_MsoListParagraphCxSpMiddle\">\u00b7\u00a0\u00a0\u00a0\u00a0\u00a0\u00a0\u00a0\u00a0\u00a0Idade m\u00ednima: 18 anos<\/p>\n<p class=\"x_MsoListParagraphCxSpLast\">\u00b7\u00a0\u00a0\u00a0\u00a0\u00a0\u00a0\u00a0\u00a0\u00a0Descri\u00e7\u00e3o: Informar, orientar clientes com conhecimentos que possibilitem melhorar o desempenho pessoal e profissional.<\/p>\n<p class=\"x_MsoNormal\"><b>6 \u2013 Eletricista instalador residencial<\/b><\/p>\n<p class=\"x_MsoListParagraphCxSpFirst\">\u00b7\u00a0\u00a0\u00a0\u00a0\u00a0\u00a0\u00a0\u00a0\u00a020 vagas<\/p>\n<p class=\"x_MsoListParagraphCxSpMiddle\">\u00b7\u00a0\u00a0\u00a0\u00a0\u00a0\u00a0\u00a0\u00a0\u00a0In\u00edcio das aulas: 13 de agosto<\/p>\n<p class=\"x_MsoListParagraphCxSpMiddle\">\u00b7\u00a0\u00a0\u00a0\u00a0\u00a0\u00a0\u00a0\u00a0\u00a0Escolaridade: Ter conclu\u00eddo o 5\u00ba ano do Ensino Fundamental<\/p>\n<p class=\"x_MsoListParagraphCxSpMiddle\">\u00b7\u00a0\u00a0\u00a0\u00a0\u00a0\u00a0\u00a0\u00a0\u00a0Idade m\u00ednima: 18 anos<\/p>\n<p class=\"x_MsoListParagraphCxSpLast\">\u00b7\u00a0\u00a0\u00a0\u00a0\u00a0\u00a0\u00a0\u00a0\u00a0Descri\u00e7\u00e3o: Executar e manter as instala\u00e7\u00f5es el\u00e9tricas em edifica\u00e7\u00f5es atendendo aos requisitos t\u00e9cnicos, de qualidade, de sa\u00fade, higiene e seguran\u00e7a, e de meio ambiente<\/p>\n<p class=\"x_MsoNormal\"><b>7 \u2013 Torneiro mec\u00e2nico<\/b><\/p>\n<p class=\"x_MsoListParagraphCxSpFirst\">\u00b7\u00a0\u00a0\u00a0\u00a0\u00a0\u00a0\u00a0\u00a0\u00a016 vagas<\/p>\n<p class=\"x_MsoListParagraphCxSpMiddle\">\u00b7\u00a0\u00a0\u00a0\u00a0\u00a0\u00a0\u00a0\u00a0\u00a0In\u00edcio das aulas: 14 de agosto<\/p>\n<p class=\"x_MsoListParagraphCxSpMiddle\">\u00b7\u00a0\u00a0\u00a0\u00a0\u00a0\u00a0\u00a0\u00a0\u00a0Escolaridade: Ter conclu\u00eddo o 6\u00ba ano do Ensino Fundamental<\/p>\n<p class=\"x_MsoListParagraphCxSpMiddle\">\u00b7\u00a0\u00a0\u00a0\u00a0\u00a0\u00a0\u00a0\u00a0\u00a0Idade m\u00ednima: 16 anos<\/p>\n<p class=\"x_MsoListParagraphCxSpLast\">\u00b7\u00a0\u00a0\u00a0\u00a0\u00a0\u00a0\u00a0\u00a0\u00a0Descri\u00e7\u00e3o: Propiciar o desenvolvimento das capacidades t\u00e9cnicas, sociais, organizativas e metodol\u00f3gicas familiarizando-o com os conceitos e os princ\u00edpios b\u00e1sicos da tecnologia mec\u00e2nica, requeridas para a produ\u00e7\u00e3o e a prepara\u00e7\u00e3o de m\u00e1quinas ferramenta convencionais utilizadas nos processos de usinagem em torno mec\u00e2nico, segundo crit\u00e9rios t\u00e9cnicos, de qualidade, sa\u00fade e seguran\u00e7a, e meio ambiente<\/p>\n<p class=\"x_MsoNormal\"><b>8 \u2013 Operador de processos qu\u00edmicos<\/b><\/p>\n<p class=\"x_MsoListParagraphCxSpFirst\">\u00b7\u00a0\u00a0\u00a0\u00a0\u00a0\u00a0\u00a0\u00a0\u00a016 vagas<\/p>\n<p class=\"x_MsoListParagraphCxSpMiddle\">\u00b7\u00a0\u00a0\u00a0\u00a0\u00a0\u00a0\u00a0\u00a0\u00a0In\u00edcio das aulas: 13 de agosto<\/p>\n<p class=\"x_MsoListParagraphCxSpMiddle\">\u00b7\u00a0\u00a0\u00a0\u00a0\u00a0\u00a0\u00a0\u00a0\u00a0Escolaridade: Ter conclu\u00eddo o 7\u00ba ano do Ensino Fundamental<\/p>\n<p class=\"x_MsoListParagraphCxSpMiddle\">\u00b7\u00a0\u00a0\u00a0\u00a0\u00a0\u00a0\u00a0\u00a0\u00a0Idade m\u00ednima: 16 anos<\/p>\n<p class=\"x_MsoListParagraphCxSpLast\">\u00b7\u00a0\u00a0\u00a0\u00a0\u00a0\u00a0\u00a0\u00a0\u00a0Descri\u00e7\u00e3o: Executam processos qu\u00edmicos, atuar no controle dos processos qu\u00edmicos e realizar manuten\u00e7\u00e3o b\u00e1sica de instala\u00e7\u00f5es e equipamentos, de acordo com os procedimentos e normas t\u00e9cnicas, observando a responsabilidade socioambiental, de seguran\u00e7a e sa\u00fade ocupacional<\/p>\n<p class=\"x_MsoNormal\"><b>9 \u2013 Fundamentos para atendimento eficaz<\/b><\/p>\n<p class=\"x_MsoListParagraphCxSpFirst\">\u00b7\u00a0\u00a0\u00a0\u00a0\u00a0\u00a0\u00a0\u00a0\u00a016 vagas<\/p>\n<p class=\"x_MsoListParagraphCxSpMiddle\">\u00b7\u00a0\u00a0\u00a0\u00a0\u00a0\u00a0\u00a0\u00a0\u00a0In\u00edcio das aulas: 13 de agosto<\/p>\n<p class=\"x_MsoListParagraphCxSpMiddle\">\u00b7\u00a0\u00a0\u00a0\u00a0\u00a0\u00a0\u00a0\u00a0\u00a0Escolaridade: Ensino Fundamental incompleto<\/p>\n<p class=\"x_MsoListParagraphCxSpMiddle\">\u00b7\u00a0\u00a0\u00a0\u00a0\u00a0\u00a0\u00a0\u00a0\u00a0Idade m\u00ednima: 16 anos<\/p>\n<p class=\"x_MsoListParagraphCxSpLast\">\u00b7\u00a0\u00a0\u00a0\u00a0\u00a0\u00a0\u00a0\u00a0\u00a0Descri\u00e7\u00e3o: Introduzir os conceitos b\u00e1sicos para um atendimento eficaz<\/p>\n<p class=\"x_MsoNormal\"><b>10 \u2013 Introdu\u00e7\u00e3o a eletricidade e sistemas fotovoltaicos<\/b><\/p>\n<p class=\"x_MsoListParagraphCxSpFirst\">\u00b7\u00a0\u00a0\u00a0\u00a0\u00a0\u00a0\u00a0\u00a0\u00a016 vagas<\/p>\n<p class=\"x_MsoListParagraphCxSpMiddle\">\u00b7\u00a0\u00a0\u00a0\u00a0\u00a0\u00a0\u00a0\u00a0\u00a0In\u00edcio das aulas: 13 de agosto<\/p>\n<p class=\"x_MsoListParagraphCxSpMiddle\">\u00b7\u00a0\u00a0\u00a0\u00a0\u00a0\u00a0\u00a0\u00a0\u00a0Escolaridade: Ensino Fundamental completo<\/p>\n<p class=\"x_MsoListParagraphCxSpMiddle\">\u00b7\u00a0\u00a0\u00a0\u00a0\u00a0\u00a0\u00a0\u00a0\u00a0Idade m\u00ednima: 18 anos<\/p>\n<p class=\"x_MsoListParagraphCxSpLast\">\u00b7\u00a0\u00a0\u00a0\u00a0\u00a0\u00a0\u00a0\u00a0\u00a0Descri\u00e7\u00e3o: Desenvolver compet\u00eancia na teoria e pratica que permitem ao profissional a atender as solicita\u00e7\u00f5es de servi\u00e7os em instala\u00e7\u00f5es el\u00e9trica b\u00e1sica e sistema de energia solar fotovoltaica<\/p>\n<p class=\"x_MsoNormal\"><b>11 \u2013 Contabilidade b\u00e1sica<\/b><\/p>\n<p class=\"x_MsoListParagraphCxSpFirst\">\u00b7\u00a0\u00a0\u00a0\u00a0\u00a0\u00a0\u00a0\u00a0\u00a016 vagas<\/p>\n<p class=\"x_MsoListParagraphCxSpMiddle\">\u00b7\u00a0\u00a0\u00a0\u00a0\u00a0\u00a0\u00a0\u00a0\u00a0In\u00edcio das aulas: 13 de agosto<\/p>\n<p class=\"x_MsoListParagraphCxSpMiddle\">\u00b7\u00a0\u00a0\u00a0\u00a0\u00a0\u00a0\u00a0\u00a0\u00a0Escolaridade: Ensino Fundamental incompleto<\/p>\n<p class=\"x_MsoListParagraphCxSpMiddle\">\u00b7\u00a0\u00a0\u00a0\u00a0\u00a0\u00a0\u00a0\u00a0\u00a0Idade m\u00ednima: 16 anos<\/p>\n<p class=\"x_MsoListParagraphCxSpLast\">\u00b7\u00a0\u00a0\u00a0\u00a0\u00a0\u00a0\u00a0\u00a0\u00a0Descri\u00e7\u00e3o: Introduzir os conceitos b\u00e1sicos sobre contabilidade<\/p>\n<p class=\"x_MsoNormal\"><b>12- Assistente administrativo<\/b><\/p>\n<p class=\"x_MsoListParagraphCxSpFirst\">\u00b7\u00a0\u00a0\u00a0\u00a0\u00a0\u00a0\u00a0\u00a0\u00a020 vagas<\/p>\n<p class=\"x_MsoListParagraphCxSpMiddle\">\u00b7\u00a0\u00a0\u00a0\u00a0\u00a0\u00a0\u00a0\u00a0\u00a0In\u00edcio das aulas: 28 de agosto<\/p>\n<p class=\"x_MsoListParagraphCxSpMiddle\">\u00b7\u00a0\u00a0\u00a0\u00a0\u00a0\u00a0\u00a0\u00a0\u00a0Escolaridade: Ensino Fundamental completo<\/p>\n<p class=\"x_MsoListParagraphCxSpMiddle\">\u00b7\u00a0\u00a0\u00a0\u00a0\u00a0\u00a0\u00a0\u00a0\u00a0Idade m\u00ednima: 16 anos<\/p>\n<p class=\"x_MsoListParagraphCxSpLast\">\u00b7\u00a0\u00a0\u00a0\u00a0\u00a0\u00a0\u00a0\u00a0\u00a0Descri\u00e7\u00e3o: Proporcionar conhecimentos acerca da comunica\u00e7\u00e3o oral e escrita fundamentais ao assistente administrativo. Desenvolver conhecimentos e habilidades de inform\u00e1tica b\u00e1sica necess\u00e1rias ao Assistente Administrativo. Executar as rotinas relacionadas \u00e0 identifica\u00e7\u00e3o, emiss\u00e3o, organiza\u00e7\u00e3o e controle de documentos, conforme os procedimentos da empresa e ao fluxo de documentos internos e externos relativos \u00e0 natureza da empresa<\/p>\n","protected":false},"excerpt":{"rendered":"<p>O Senai de Corumb\u00e1 est\u00e1 com matr\u00edculas abertas para preencher 200 vagas distribu\u00eddas pelos cursos&#8230;<\/p>\n","protected":false},"author":1,"featured_media":0,"comment_status":"closed","ping_status":"closed","sticky":false,"template":"","format":"standard","meta":{"footnotes":""},"categories":[10],"tags":[],"class_list":["post-21283","post","type-post","status-publish","format-standard","hentry","category-educacao"],"_links":{"self":[{"href":"https:\/\/www.corumbaonline.com.br\/news\/wp-json\/wp\/v2\/posts\/21283","targetHints":{"allow":["GET"]}}],"collection":[{"href":"https:\/\/www.corumbaonline.com.br\/news\/wp-json\/wp\/v2\/posts"}],"about":[{"href":"https:\/\/www.corumbaonline.com.br\/news\/wp-json\/wp\/v2\/types\/post"}],"author":[{"embeddable":true,"href":"https:\/\/www.corumbaonline.com.br\/news\/wp-json\/wp\/v2\/users\/1"}],"replies":[{"embeddable":true,"href":"https:\/\/www.corumbaonline.com.br\/news\/wp-json\/wp\/v2\/comments?post=21283"}],"version-history":[{"count":1,"href":"https:\/\/www.corumbaonline.com.br\/news\/wp-json\/wp\/v2\/posts\/21283\/revisions"}],"predecessor-version":[{"id":21284,"href":"https:\/\/www.corumbaonline.com.br\/news\/wp-json\/wp\/v2\/posts\/21283\/revisions\/21284"}],"wp:attachment":[{"href":"https:\/\/www.corumbaonline.com.br\/news\/wp-json\/wp\/v2\/media?parent=21283"}],"wp:term":[{"taxonomy":"category","embeddable":true,"href":"https:\/\/www.corumbaonline.com.br\/news\/wp-json\/wp\/v2\/categories?post=21283"},{"taxonomy":"post_tag","embeddable":true,"href":"https:\/\/www.corumbaonline.com.br\/news\/wp-json\/wp\/v2\/tags?post=21283"}],"curies":[{"name":"wp","href":"https:\/\/api.w.org\/{rel}","templated":true}]}}