{"id":21301,"date":"2018-08-14T08:33:03","date_gmt":"2018-08-14T12:33:03","guid":{"rendered":"http:\/\/www.corumbaonline.com.br\/news\/?p=21301"},"modified":"2018-08-14T07:07:51","modified_gmt":"2018-08-14T11:07:51","slug":"instabilidade-pode-provocar-chuva-nas-regioes-sul-e-pantaneira-do-estado","status":"publish","type":"post","link":"https:\/\/www.corumbaonline.com.br\/news\/instabilidade-pode-provocar-chuva-nas-regioes-sul-e-pantaneira-do-estado\/","title":{"rendered":"Instabilidade pode provocar chuva nas regi\u00f5es Sul e Pantaneira do Estado"},"content":{"rendered":"<p>Mudan\u00e7as no tempo est\u00e3o previstas para esta ter\u00e7a-feira (14) com possibilidade de forma\u00e7\u00e3o de novas\u00a0\u00e1reas de instabilidade que pode provocar chuva a partir do per\u00edodo da tarde nas regi\u00f5es Sul e Pantaneira. As demais \u00e1reas\u00a0seguem sem expectativa de chuva.<\/p>\n<p>A umidade relativa do ar oscila de 90% a 35% e as temperaturas de 12\u00baC a 35\u00baC. Os ventos ficam de fracos a moderados com rajadas.\u00a0\u00a0As informa\u00e7\u00f5es s\u00e3o do\u00a0Centro de Monitoramento do Tempo, do Clima e dos Recursos H\u00eddricos (Cemtec). Confira o mapa.<\/p>\n<p><a href=\"http:\/\/www.ms.gov.br\/wp-content\/uploads\/sites\/150\/2018\/08\/Previs%C3%A3o-14_08_18.jpg\"><img loading=\"lazy\" decoding=\"async\" class=\"alignnone wp-image-234260 size-large\" src=\"http:\/\/www.ms.gov.br\/wp-content\/uploads\/sites\/150\/2018\/08\/Previs%C3%A3o-14_08_18-1024x879.jpg\" sizes=\"auto, (max-width: 1024px) 100vw, 1024px\" srcset=\"http:\/\/www.ms.gov.br\/wp-content\/uploads\/sites\/150\/2018\/08\/Previs\u00e3o-14_08_18-1024x879.jpg 1024w, http:\/\/www.ms.gov.br\/wp-content\/uploads\/sites\/150\/2018\/08\/Previs\u00e3o-14_08_18-300x257.jpg 300w, http:\/\/www.ms.gov.br\/wp-content\/uploads\/sites\/150\/2018\/08\/Previs\u00e3o-14_08_18-768x659.jpg 768w, http:\/\/www.ms.gov.br\/wp-content\/uploads\/sites\/150\/2018\/08\/Previs\u00e3o-14_08_18.jpg 1035w\" alt=\"\" width=\"1024\" height=\"879\" \/><\/a><\/p>\n","protected":false},"excerpt":{"rendered":"<p>Mudan\u00e7as no tempo est\u00e3o previstas para esta ter\u00e7a-feira (14) com possibilidade de forma\u00e7\u00e3o de novas\u00a0\u00e1reas&#8230;<\/p>\n","protected":false},"author":1,"featured_media":0,"comment_status":"closed","ping_status":"closed","sticky":false,"template":"","format":"standard","meta":{"footnotes":""},"categories":[17],"tags":[],"class_list":["post-21301","post","type-post","status-publish","format-standard","hentry","category-meio-ambiente"],"_links":{"self":[{"href":"https:\/\/www.corumbaonline.com.br\/news\/wp-json\/wp\/v2\/posts\/21301","targetHints":{"allow":["GET"]}}],"collection":[{"href":"https:\/\/www.corumbaonline.com.br\/news\/wp-json\/wp\/v2\/posts"}],"about":[{"href":"https:\/\/www.corumbaonline.com.br\/news\/wp-json\/wp\/v2\/types\/post"}],"author":[{"embeddable":true,"href":"https:\/\/www.corumbaonline.com.br\/news\/wp-json\/wp\/v2\/users\/1"}],"replies":[{"embeddable":true,"href":"https:\/\/www.corumbaonline.com.br\/news\/wp-json\/wp\/v2\/comments?post=21301"}],"version-history":[{"count":1,"href":"https:\/\/www.corumbaonline.com.br\/news\/wp-json\/wp\/v2\/posts\/21301\/revisions"}],"predecessor-version":[{"id":21302,"href":"https:\/\/www.corumbaonline.com.br\/news\/wp-json\/wp\/v2\/posts\/21301\/revisions\/21302"}],"wp:attachment":[{"href":"https:\/\/www.corumbaonline.com.br\/news\/wp-json\/wp\/v2\/media?parent=21301"}],"wp:term":[{"taxonomy":"category","embeddable":true,"href":"https:\/\/www.corumbaonline.com.br\/news\/wp-json\/wp\/v2\/categories?post=21301"},{"taxonomy":"post_tag","embeddable":true,"href":"https:\/\/www.corumbaonline.com.br\/news\/wp-json\/wp\/v2\/tags?post=21301"}],"curies":[{"name":"wp","href":"https:\/\/api.w.org\/{rel}","templated":true}]}}