{"id":21354,"date":"2018-08-15T08:05:30","date_gmt":"2018-08-15T12:05:30","guid":{"rendered":"http:\/\/www.corumbaonline.com.br\/news\/?p=21354"},"modified":"2018-08-15T05:41:08","modified_gmt":"2018-08-15T09:41:08","slug":"junior-mochi-assume-candidatura-do-mdb-ao-governo-de-mato-grosso-do-sul","status":"publish","type":"post","link":"https:\/\/www.corumbaonline.com.br\/news\/junior-mochi-assume-candidatura-do-mdb-ao-governo-de-mato-grosso-do-sul\/","title":{"rendered":"Junior Mochi assume candidatura do MDB ao Governo de Mato Grosso do Sul"},"content":{"rendered":"<p>Ap\u00f3s mudar de planos duas vezes, o MDB anunciou nesta ter\u00e7a-feira (14) que o deputado estadual e presidente da Assembleia Legislativa, Junior Mochi, ser\u00e1 candidato ao Governo do Estado. Segundo antecipou o\u00a0<strong>Jornal Midiamax<\/strong>,\u00a0a defini\u00e7\u00e3o se deu ap\u00f3s reuni\u00e3o entre lideran\u00e7as do partido, nesta tarde, e \u00e0s v\u00e9speras do in\u00edcio da campanha eleitoral.<\/p>\n<p>Depois de mais de 2 horas de reuni\u00e3o na sede do partido, na Capital, Mochi afirmou ter aceitado o desafio de ser o nome do partido na candidatura pr\u00f3pria ao Governo do Estado. \u201cTemos uma \u00e1rdua campanha pela frente\u201d, afirmou.<\/p>\n<p>O candidato lembrou, ainda, que teve apoio dos filiados do partido para se lan\u00e7ar ao Governo.\u00a0\u201cCoube a mim nesse momento enfrentar esse desafio, que \u00e9 o maior da minha vida pol\u00edtica. Com certeza tenho apoio e por unanimidade, em uma decis\u00e3o coletiva, assumimos o compromisso com as a\u00e7\u00f5es a serem desenvolvidas nos pr\u00f3ximos 45 dias. Faremos uma campanha propositiva, mostrando alternativas para um MS maior e mais forte\u201d.<\/p>\n<p>Entre os partidos aliados anunciados por Mochi est\u00e3o o PR, PHS, PRP, DC, PRTB e o PTC. Waldeli Rosa, prefeito de Costa Rica, ser\u00e1 o coordenador da campanha do partido ao Governo.<\/p>\n<p>O nome de Mochi era\u00a0<strong>o mais citado entre deputados<\/strong>\u00a0desde o domingo (12), quando a senadora Simone Tebet desistiu da disputa.\u00a0Ainda segundo o MDB, o candidato a vice-governador na chapa ser\u00e1 uma mulher, mas as negocia\u00e7\u00f5es continuam e o nome ainda n\u00e3o foi revelado.<\/p>\n<p>A primeira op\u00e7\u00e3o nos planos do MDB para retornar ao Governo do Estado era o ex-governador Andr\u00e9 Puccinelli, que acabou sendo preso no dia 20 de julho em raz\u00e3o da Opera\u00e7\u00e3o Lama Asf\u00e1ltica. Diante da situa\u00e7\u00e3o, Simone ocupou o lugar de Andr\u00e9 a pedido do pr\u00f3prio ex-governador. No \u00faltimo domingo, no entanto,\u00a0<strong>a senadora alegou motivos pessoais para desistir da disputa<\/strong>.<\/p>\n<figure id=\"attachment_21355\" aria-describedby=\"caption-attachment-21355\" style=\"width: 400px\" class=\"wp-caption aligncenter\"><a href=\"https:\/\/www.corumbaonline.com.br\/news\/wp-content\/uploads\/2018\/08\/foto111897.jpg\"><img loading=\"lazy\" decoding=\"async\" class=\"size-full wp-image-21355\" src=\"https:\/\/www.corumbaonline.com.br\/news\/wp-content\/uploads\/2018\/08\/foto111897.jpg\" alt=\"\" width=\"400\" height=\"266\" srcset=\"https:\/\/www.corumbaonline.com.br\/news\/wp-content\/uploads\/2018\/08\/foto111897.jpg 400w, https:\/\/www.corumbaonline.com.br\/news\/wp-content\/uploads\/2018\/08\/foto111897-300x200.jpg 300w\" sizes=\"auto, (max-width: 400px) 100vw, 400px\" \/><\/a><figcaption id=\"caption-attachment-21355\" class=\"wp-caption-text\">(Foto: Minamar Junior)<\/figcaption><\/figure>\n<h1>Trajet\u00f3ria<\/h1>\n<p>Oswaldo Mochi Junior \u00e9 advogado e est\u00e1 no 3\u00ba mandato como deputado estadual, pela segunda vez preside a Assembleia Legislativa. Foi eleito pela \u00faltima vez, em 2014, com 35.297 votos.<\/p>\n<p>Mochi deu in\u00edcio \u00e0s atividades pol\u00edtico-partid\u00e1rias em F\u00e1tima do Sul, assumindo a presid\u00eancia da Juventude do PMDB na cidade.\u00a0Ainda em F\u00e1tima, trabalhou no Banco do Brasil e no TJMS (Tribunal de Justi\u00e7a de Mato Grosso do Sul).<\/p>\n<p>Em Coxim, Mochi candidatou-se e foi eleito prefeito por duas vezes consecutivas em 1996 e 2000. Durante o per\u00edodo em que esteve no Executivo foi diretor-tesoureiro da Associa\u00e7\u00e3o dos Munic\u00edpios de Mato Grosso do Sul (Assomasul).<\/p>\n<p>Dois anos depois de ter deixado a prefeitura, Mochi foi eleito deputado estadual.\u00a0No primeiro mandato Junior Mochi foi o deputado com mais leis aprovadas. Ao todo 47 projetos.<\/p>\n","protected":false},"excerpt":{"rendered":"<p>Ap\u00f3s mudar de planos duas vezes, o MDB anunciou nesta ter\u00e7a-feira (14) que o deputado&#8230;<\/p>\n","protected":false},"author":1,"featured_media":21356,"comment_status":"closed","ping_status":"closed","sticky":false,"template":"","format":"standard","meta":{"footnotes":""},"categories":[101,19],"tags":[],"class_list":["post-21354","post","type-post","status-publish","format-standard","has-post-thumbnail","hentry","category-eleicoes","category-politica"],"_links":{"self":[{"href":"https:\/\/www.corumbaonline.com.br\/news\/wp-json\/wp\/v2\/posts\/21354","targetHints":{"allow":["GET"]}}],"collection":[{"href":"https:\/\/www.corumbaonline.com.br\/news\/wp-json\/wp\/v2\/posts"}],"about":[{"href":"https:\/\/www.corumbaonline.com.br\/news\/wp-json\/wp\/v2\/types\/post"}],"author":[{"embeddable":true,"href":"https:\/\/www.corumbaonline.com.br\/news\/wp-json\/wp\/v2\/users\/1"}],"replies":[{"embeddable":true,"href":"https:\/\/www.corumbaonline.com.br\/news\/wp-json\/wp\/v2\/comments?post=21354"}],"version-history":[{"count":1,"href":"https:\/\/www.corumbaonline.com.br\/news\/wp-json\/wp\/v2\/posts\/21354\/revisions"}],"predecessor-version":[{"id":21357,"href":"https:\/\/www.corumbaonline.com.br\/news\/wp-json\/wp\/v2\/posts\/21354\/revisions\/21357"}],"wp:featuredmedia":[{"embeddable":true,"href":"https:\/\/www.corumbaonline.com.br\/news\/wp-json\/wp\/v2\/media\/21356"}],"wp:attachment":[{"href":"https:\/\/www.corumbaonline.com.br\/news\/wp-json\/wp\/v2\/media?parent=21354"}],"wp:term":[{"taxonomy":"category","embeddable":true,"href":"https:\/\/www.corumbaonline.com.br\/news\/wp-json\/wp\/v2\/categories?post=21354"},{"taxonomy":"post_tag","embeddable":true,"href":"https:\/\/www.corumbaonline.com.br\/news\/wp-json\/wp\/v2\/tags?post=21354"}],"curies":[{"name":"wp","href":"https:\/\/api.w.org\/{rel}","templated":true}]}}