{"id":21367,"date":"2018-08-15T08:37:59","date_gmt":"2018-08-15T12:37:59","guid":{"rendered":"http:\/\/www.corumbaonline.com.br\/news\/?p=21367"},"modified":"2018-08-15T06:12:55","modified_gmt":"2018-08-15T10:12:55","slug":"feira-do-empreendedor-4-0-tera-transmissao-ao-vivo-pela-internet","status":"publish","type":"post","link":"https:\/\/www.corumbaonline.com.br\/news\/feira-do-empreendedor-4-0-tera-transmissao-ao-vivo-pela-internet\/","title":{"rendered":"Feira do Empreendedor 4.0 ter\u00e1 transmiss\u00e3o ao vivo pela internet"},"content":{"rendered":"<p>Os empreendedores que por algum motivo n\u00e3o conseguirem visitar a\u00a0Feira do Empreendedor 4.0, realizada pelo Sebrae\/MS de 16 a 18 deste m\u00eas, das 13 \u00e0s 21 horas em sua sede de Campo Grande (Av. Mato Grosso, 1661), poder\u00e3o acompanhar pelo site\u00a0<u><a href=\"http:\/\/seblink.sebrae.ms\/cl\/PDxP-\/KD_\/c66b\/NMHUrhcjov1\/BNpD\/HYWTLdzy1n-\/1\/\" target=\"_blank\" rel=\"noopener noreferrer\">www.feirams.com.br<\/a><\/u>\u00a0parte das atividades do evento e viver virtualmente uma experi\u00eancia tecnol\u00f3gica interligada ao mundo dos neg\u00f3cios.<\/p>\n<p>Das 13h \u00e0s 21h, flashes ao vivo com informa\u00e7\u00f5es sobre os destaques do dia, entrevistas com especialistas, opini\u00e3o do p\u00fablico, panorama dos espa\u00e7os tem\u00e1ticos, apresenta\u00e7\u00f5es em tempo real &#8211; entre palestras, workshops e pain\u00e9is de discuss\u00e3o \u2013 e uma an\u00e1lise, por meio de uma mesa redonda, dos principais pontos do evento estar\u00e3o dispon\u00edveis a quem acessar ao\u00a0<u><a href=\"http:\/\/seblink.sebrae.ms\/cl\/PDxP-\/KD_\/c66b\/NMHUrhcjov1\/BNpD\/SceOwcLkFu\/2\/\" target=\"_blank\" rel=\"noopener noreferrer\">site da Feira<\/a><\/u>. Al\u00e9m disso, o visitante j\u00e1 pode\u00a0<u><a href=\"http:\/\/seblink.sebrae.ms\/cl\/PDxP-\/KD_\/c66b\/NMHUrhcjov1\/BNpD\/C-gBU3HnLPN\/1\/\" target=\"_blank\" rel=\"noopener noreferrer\">fazer o download<\/a><\/u>\u00a0de e-books com diversos conte\u00fados de tend\u00eancias e dicas de gest\u00e3o.<\/p>\n<p>Confira as capacita\u00e7\u00f5es que ser\u00e3o transmitidas na \u00edntegra:<\/p>\n<p><b><u>16\/08\/2018 (Quinta-feira)<\/u><\/b><\/p>\n<p>14h \u00e0s 15h \u2013 DNA de Vendas, com Lucia Haracemiv<\/p>\n<p>15h30 \u00e0s 16h30 \u2013 Vendarketing, com La\u00eds Bolina, da equipe Rock Content<\/p>\n<p>17h \u00e0s 18h \u2013 Social Media, com Lizandra Muniz, da equipe Rock Content<\/p>\n<p><u><b>17\/08\/2018 (Sexta-feira)<\/b><\/u><\/p>\n<p>13h30 \u00e0s 15h30 \u2013 Painel Drones e suas aplica\u00e7\u00f5es, com Thamulton Dias, Marcelo Folhes e Gilmar Valiente<\/p>\n<p>16h \u00e0s 17h \u2013 Neg\u00f3cios Sociais: o novo paradigma do empreendedorismo social, com Glauber Frederico de Miranda e Jo\u00e3o Victor Faedo<\/p>\n<p>18h \u00e0s 19h30 \u2013 Painel Fintechs: a Revolu\u00e7\u00e3o no Sistema Financeiro Nacional, com Rodrigo Soeiro (presidente da Abfintech); Leonardo Ribitte (Fintech Mutual) e Magaly T\u00e2nia Albuquerque (gerente-adjunta de acesso a servi\u00e7os financeiros do Sebrae Nacional)<\/p>\n<p><u><b>18\/08\/2018 (S\u00e1bado)<\/b><\/u><\/p>\n<p>Programa\u00e7\u00e3o do Campus Day<\/p>\n<p><b>Servi\u00e7o<\/b><\/p>\n<p>O pr\u00e9-credenciamento para esta que \u00e9 a 7\u00aa edi\u00e7\u00e3o da Feira do Empreendedor no estado pode ser feito pelo site, onde tamb\u00e9m est\u00e1 dispon\u00edvel a programa\u00e7\u00e3o completa. Este processo antecipado agiliza a entrada de cada participante no evento (totalmente gratuito), mas n\u00e3o garante vaga nas atividades da agenda, o que se dar\u00e1 por ordem de chegada, de acordo com a limita\u00e7\u00e3o de lugares no pr\u00e9dio e nos espa\u00e7os.<\/p>\n<p>S\u00e3o patrocinadores da Feira do Empreendedor MS 2018: Governo do Estado de Mato Grosso do Sul; Sistema Fiems (Sesi\/Senai); Fecom\u00e9rcio MS (Sesc\/Senac\/IPF); Senar\/MS; MS G\u00e1s; Sicredi Campo Grande; Banco do Brasil; e Caixa Econ\u00f4mica Federal. Apoio: Applicando; Consbase; Prefeitura de Campo Grande; Campus Party; Reforce; Unica; e Walmart.<\/p>\n","protected":false},"excerpt":{"rendered":"<p>Os empreendedores que por algum motivo n\u00e3o conseguirem visitar a\u00a0Feira do Empreendedor 4.0, realizada pelo&#8230;<\/p>\n","protected":false},"author":1,"featured_media":0,"comment_status":"closed","ping_status":"closed","sticky":false,"template":"","format":"standard","meta":{"footnotes":""},"categories":[22],"tags":[],"class_list":["post-21367","post","type-post","status-publish","format-standard","hentry","category-tecnologia"],"_links":{"self":[{"href":"https:\/\/www.corumbaonline.com.br\/news\/wp-json\/wp\/v2\/posts\/21367","targetHints":{"allow":["GET"]}}],"collection":[{"href":"https:\/\/www.corumbaonline.com.br\/news\/wp-json\/wp\/v2\/posts"}],"about":[{"href":"https:\/\/www.corumbaonline.com.br\/news\/wp-json\/wp\/v2\/types\/post"}],"author":[{"embeddable":true,"href":"https:\/\/www.corumbaonline.com.br\/news\/wp-json\/wp\/v2\/users\/1"}],"replies":[{"embeddable":true,"href":"https:\/\/www.corumbaonline.com.br\/news\/wp-json\/wp\/v2\/comments?post=21367"}],"version-history":[{"count":1,"href":"https:\/\/www.corumbaonline.com.br\/news\/wp-json\/wp\/v2\/posts\/21367\/revisions"}],"predecessor-version":[{"id":21368,"href":"https:\/\/www.corumbaonline.com.br\/news\/wp-json\/wp\/v2\/posts\/21367\/revisions\/21368"}],"wp:attachment":[{"href":"https:\/\/www.corumbaonline.com.br\/news\/wp-json\/wp\/v2\/media?parent=21367"}],"wp:term":[{"taxonomy":"category","embeddable":true,"href":"https:\/\/www.corumbaonline.com.br\/news\/wp-json\/wp\/v2\/categories?post=21367"},{"taxonomy":"post_tag","embeddable":true,"href":"https:\/\/www.corumbaonline.com.br\/news\/wp-json\/wp\/v2\/tags?post=21367"}],"curies":[{"name":"wp","href":"https:\/\/api.w.org\/{rel}","templated":true}]}}