{"id":2137,"date":"2017-03-23T12:45:40","date_gmt":"2017-03-23T16:45:40","guid":{"rendered":"http:\/\/www.corumbaonline.com.br\/news\/?p=2137"},"modified":"2017-03-23T12:45:40","modified_gmt":"2017-03-23T16:45:40","slug":"fundacao-de-turismo-promove-caravana-para-a-feira-internacional-da-bolivia","status":"publish","type":"post","link":"https:\/\/www.corumbaonline.com.br\/news\/fundacao-de-turismo-promove-caravana-para-a-feira-internacional-da-bolivia\/","title":{"rendered":"Funda\u00e7\u00e3o de Turismo promove caravana para a Feira Internacional da Bol\u00edvia"},"content":{"rendered":"<p>Durante tr\u00eas dias o turismo sul-mato-grossense ser\u00e1 divulgado e comercializado na 21\u00aa Feira Internacional de Turismo da Bol\u00edvia (FIT). A a\u00e7\u00e3o \u00e9 promovida e organizada pelo Governo do Estado, atrav\u00e9s da\u00a0Secretaria de Meio Ambiente, Desenvolvimento Econ\u00f4mico, Produ\u00e7\u00e3o e Agricultura Familiar (Semagro) e da Funda\u00e7\u00e3o de Turismo de Mato Grosso do Sul (Fundtur).\u00a0O evento acontecer\u00e1 na cidade de Santa Cruz de La Sierra, entre os dias 23 e 25 de mar\u00e7o.<\/p>\n<p>Uma caravana composta por 44 empres\u00e1rios\u00a0sul-mato-grossenses do segmento do turismo, dentre propriet\u00e1rios e representantes de atrativos, equipamentos, ag\u00eancias e operadoras de turismo e representantes dos munic\u00edpios participam do evento apresentando os roteiros, equipamentos e atrativos tur\u00edsticos do Estado.<\/p>\n<p>Estima-se a participa\u00e7\u00e3o de 10 mil visitantes no evento. Trata-se de uma oportunidade para estreitar la\u00e7os comerciais no mercado, efetuar contato direto com o consumidor final e promover a imagem de produtos, propiciando a comercializa\u00e7\u00e3o e, consequentemente, ocasionando o aumento do volume de vendas das empresas participantes.<\/p>\n<p>Voltada para profissionais de turismo e p\u00fablico final, a feira inclui em sua programa\u00e7\u00e3o atividades que apresentam a diversidade cultural dos pa\u00edses. Al\u00e9m da \u00e1rea de exposi\u00e7\u00e3o, s\u00e3o disponibilizados espa\u00e7os espec\u00edficos para apresenta\u00e7\u00e3o de gastronomia e realiza\u00e7\u00e3o de espet\u00e1culos culturais.<\/p>\n<p>A participa\u00e7\u00e3o do estado na feira ser\u00e1 uma oportunidade de aproxima\u00e7\u00e3o maior com o mercado boliviano que tem crescido muito para o estado afirma o diretor-presidente da Funda\u00e7\u00e3o de Turismo, Bruno Wendling. \u201c\u00c9 uma feira estrat\u00e9gica onde as a\u00e7\u00f5es foram definidas em equipe visando aproximar o trade da Bol\u00edvia, gerar neg\u00f3cios e a\u00e7\u00f5es promocionais com os agentes emissivos da Bol\u00edvia para Mato Grosso do Sul\u201d, destacou.<\/p>\n<p>Como parte da agenda oficial do governo do estado e representantes do turismo sul-mato-grossense na Feira Internacional, est\u00e1 programada uma reuni\u00e3o com a Organiza\u00e7\u00e3o e Gest\u00e3o do Destino Tur\u00edstico de Santa Cruz que re\u00fane lideran\u00e7as p\u00fablicas e agentes privados do setor \u00a0tur\u00edstico boliviano. O objetivo \u00e9 fortalecer o turismo entre Brasil e Bol\u00edvia e aproximar os destinos tur\u00edsticos entre Mato Grosso do Sul e Santa Cruz de La Sierra.<\/p>\n<p>Na pauta est\u00e3o assuntos relacionados \u00e0 integra\u00e7\u00e3o de a\u00e7\u00f5es para o desenvolvimento do turismo, o fortalecimento do corredor tur\u00edstico, promo\u00e7\u00e3o tur\u00edstica, acessibilidade, servi\u00e7os tur\u00edsticos, entres outros assuntos pertinentes ao setor.<\/p>\n<p>A Bol\u00edvia \u00e9 um importante emissor de turistas para Mato Grosso do Sul por fazer fronteira com o pa\u00eds. O fluxo de entrada pela Bol\u00edvia em Corumb\u00e1 registrou um grande crescimento em 2016 ficando como o principal emissor, enquanto em 2015 registrava a 25\u00aa posi\u00e7\u00e3o.<\/p>\n<p>Entre os representantes do poder p\u00fablico e privado que fazem parte da caravana est\u00e3o os munic\u00edpios: Campo Grande, Aquidauana, Bonito, Corumb\u00e1, Miranda e um t\u00e9cnico da Funda\u00e7\u00e3o de Turismo de Mato Grosso do Sul.<\/p>\n<p><strong>Servi\u00e7o<\/strong><\/p>\n<p>A FIT Bol\u00edvia acontece entre os dias 23 e 25 de mar\u00e7o, no Hotel Los Tajibos, em Santa Cruz de La Sierra, na Bol\u00edvia.<\/p>\n","protected":false},"excerpt":{"rendered":"<p>Durante tr\u00eas dias o turismo sul-mato-grossense ser\u00e1 divulgado e comercializado na 21\u00aa Feira Internacional de&#8230;<\/p>\n","protected":false},"author":2,"featured_media":0,"comment_status":"closed","ping_status":"open","sticky":false,"template":"","format":"standard","meta":{"footnotes":""},"categories":[23],"tags":[],"class_list":["post-2137","post","type-post","status-publish","format-standard","hentry","category-turismo"],"_links":{"self":[{"href":"https:\/\/www.corumbaonline.com.br\/news\/wp-json\/wp\/v2\/posts\/2137","targetHints":{"allow":["GET"]}}],"collection":[{"href":"https:\/\/www.corumbaonline.com.br\/news\/wp-json\/wp\/v2\/posts"}],"about":[{"href":"https:\/\/www.corumbaonline.com.br\/news\/wp-json\/wp\/v2\/types\/post"}],"author":[{"embeddable":true,"href":"https:\/\/www.corumbaonline.com.br\/news\/wp-json\/wp\/v2\/users\/2"}],"replies":[{"embeddable":true,"href":"https:\/\/www.corumbaonline.com.br\/news\/wp-json\/wp\/v2\/comments?post=2137"}],"version-history":[{"count":0,"href":"https:\/\/www.corumbaonline.com.br\/news\/wp-json\/wp\/v2\/posts\/2137\/revisions"}],"wp:attachment":[{"href":"https:\/\/www.corumbaonline.com.br\/news\/wp-json\/wp\/v2\/media?parent=2137"}],"wp:term":[{"taxonomy":"category","embeddable":true,"href":"https:\/\/www.corumbaonline.com.br\/news\/wp-json\/wp\/v2\/categories?post=2137"},{"taxonomy":"post_tag","embeddable":true,"href":"https:\/\/www.corumbaonline.com.br\/news\/wp-json\/wp\/v2\/tags?post=2137"}],"curies":[{"name":"wp","href":"https:\/\/api.w.org\/{rel}","templated":true}]}}