{"id":21378,"date":"2018-08-15T09:15:17","date_gmt":"2018-08-15T13:15:17","guid":{"rendered":"http:\/\/www.corumbaonline.com.br\/news\/?p=21378"},"modified":"2018-08-15T09:44:09","modified_gmt":"2018-08-15T13:44:09","slug":"termina-hoje-as-19h-prazo-para-registro-de-candidaturas-a-presidencia","status":"publish","type":"post","link":"https:\/\/www.corumbaonline.com.br\/news\/termina-hoje-as-19h-prazo-para-registro-de-candidaturas-a-presidencia\/","title":{"rendered":"Termina hoje \u00e0s 19h prazo para registro de candidaturas \u00e0 Presid\u00eancia"},"content":{"rendered":"<p>Os partidos e coliga\u00e7\u00f5es pol\u00edticas t\u00eam at\u00e9 hoje (15) as 19h\u00a0 para apresentar os pedidos de registro das candidaturas. Dos 13 candidatos que tiveram os nomes aprovados em conven\u00e7\u00f5es partid\u00e1rias, cinco n\u00e3o apresentaram as solicita\u00e7\u00f5es de registro.<\/p>\n<p>Ainda n\u00e3o apresentaram os pedidos: Marina Silva (Rede), Henrique Meirelles (MDB), Jo\u00e3o Vicente Goulart (PPL), Jos\u00e9 Maria Eymael (DC) e Luiz In\u00e1cio Lula da Silva (PT).<\/p>\n<p>At\u00e9 o come\u00e7o da manh\u00e3 desta quarta-feira oito candidatos se registraram:\u00a0Alvaro Dias (Podemos), Cabo Daciolo (Patriota), Ciro Gomes (PDT), Geraldo Alckmin (PSDB), Guilherme Boulos (PSOL), Jair Bolsonaro (PSL), Jo\u00e3o Amo\u00eado (Novo) e Vera L\u00facia (PSTU).<\/p>\n<p>No total, foram confirmadas nas conven\u00e7\u00f5es 14 candidaturas. Por\u00e9m, h\u00e1 um impasse em torno do nome de Manuela D&#8217;\u00c1vila (PCdoB), que indicou a disposi\u00e7\u00e3o de sair como vice em uma eventual chapa liderada pelo PT.<\/p>\n<p>\u00c9 aguardado para hoje \u00e0 tarde o registro da candidatura do ex-presidente Lula. Por\u00e9m, como ele est\u00e1 preso em Curitiba, h\u00e1 d\u00favidas se deve ser enquadrado na Lei da Ficha Limpa, que o tornaria\u00a0ineleg\u00edvel.<\/p>\n<p><strong>Propaganda<\/strong><\/p>\n<p>Nesta quinta-feira (16) come\u00e7a\u00a0a propaganda eleitoral em com\u00edcio, carreata, distribui\u00e7\u00e3o de material impresso e propaganda na internet, desde que n\u00e3o paga, como\u00a0<em>sites<\/em>\u00a0pr\u00f3prios. Pela legisla\u00e7\u00e3o, o uso de auto-falantes e equipamentos de som s\u00f3 pode ocorrer das 8h \u00e0s 20h.<\/p>\n<p>No r\u00e1dio e na TV, a propaganda s\u00f3 come\u00e7a dia 31 de agosto, ap\u00f3s a elabora\u00e7\u00e3o de plano de m\u00eddia por parte dos partidos, da Justi\u00e7a Eleitoral e das emissoras de TV.<\/p>\n","protected":false},"excerpt":{"rendered":"<p>Os partidos e coliga\u00e7\u00f5es pol\u00edticas t\u00eam at\u00e9 hoje (15) as 19h\u00a0 para apresentar os pedidos&#8230;<\/p>\n","protected":false},"author":1,"featured_media":0,"comment_status":"closed","ping_status":"closed","sticky":false,"template":"","format":"standard","meta":{"footnotes":""},"categories":[101,19],"tags":[],"class_list":["post-21378","post","type-post","status-publish","format-standard","hentry","category-eleicoes","category-politica"],"_links":{"self":[{"href":"https:\/\/www.corumbaonline.com.br\/news\/wp-json\/wp\/v2\/posts\/21378","targetHints":{"allow":["GET"]}}],"collection":[{"href":"https:\/\/www.corumbaonline.com.br\/news\/wp-json\/wp\/v2\/posts"}],"about":[{"href":"https:\/\/www.corumbaonline.com.br\/news\/wp-json\/wp\/v2\/types\/post"}],"author":[{"embeddable":true,"href":"https:\/\/www.corumbaonline.com.br\/news\/wp-json\/wp\/v2\/users\/1"}],"replies":[{"embeddable":true,"href":"https:\/\/www.corumbaonline.com.br\/news\/wp-json\/wp\/v2\/comments?post=21378"}],"version-history":[{"count":1,"href":"https:\/\/www.corumbaonline.com.br\/news\/wp-json\/wp\/v2\/posts\/21378\/revisions"}],"predecessor-version":[{"id":21381,"href":"https:\/\/www.corumbaonline.com.br\/news\/wp-json\/wp\/v2\/posts\/21378\/revisions\/21381"}],"wp:attachment":[{"href":"https:\/\/www.corumbaonline.com.br\/news\/wp-json\/wp\/v2\/media?parent=21378"}],"wp:term":[{"taxonomy":"category","embeddable":true,"href":"https:\/\/www.corumbaonline.com.br\/news\/wp-json\/wp\/v2\/categories?post=21378"},{"taxonomy":"post_tag","embeddable":true,"href":"https:\/\/www.corumbaonline.com.br\/news\/wp-json\/wp\/v2\/tags?post=21378"}],"curies":[{"name":"wp","href":"https:\/\/api.w.org\/{rel}","templated":true}]}}