{"id":21393,"date":"2018-08-15T10:40:45","date_gmt":"2018-08-15T14:40:45","guid":{"rendered":"http:\/\/www.corumbaonline.com.br\/news\/?p=21393"},"modified":"2018-08-15T10:47:58","modified_gmt":"2018-08-15T14:47:58","slug":"prefeito-marcelo-iunes-toma-posse-como-presidente-da-junta-militar-de-corumba","status":"publish","type":"post","link":"https:\/\/www.corumbaonline.com.br\/news\/prefeito-marcelo-iunes-toma-posse-como-presidente-da-junta-militar-de-corumba\/","title":{"rendered":"Prefeito Marcelo Iunes toma posse como presidente da Junta Militar de Corumb\u00e1"},"content":{"rendered":"<p>O prefeito Marcelo Iunes assumiu nesta quarta-feira, 15 de agosto, a presid\u00eancia da Junta de Servi\u00e7o Militar de Corumb\u00e1. O ato foi realizado no gabinete do prefeito e comandado pelo Delegado e Chefe do Posto de Recrutamento e Mobiliza\u00e7\u00e3o, tenente Francisco Telmo Ferreira do Nascimento, e acompanhado pelo chefe da Casa Civil, Luiz Ant\u00f4nio da Silva, e do chefe de gabinete, F\u00e1bio Luiz Pereira da Silva.<\/p>\n<p>&nbsp;<\/p>\n<p>Durante a solenidade, o prefeito se comprometeu a \u201ccumprir e fazer cumprir as diretrizes relacionadas ao Servi\u00e7o Militar\u201d e trabalhar para \u201cexercer a cidadania e o engrandecimento da P\u00e1tria\u201d. Iunes ainda destacou a import\u00e2ncia social e pol\u00edtica das For\u00e7as Armadas na manuten\u00e7\u00e3o da soberania nesta regi\u00e3o de fronteira.<\/p>\n<p>&nbsp;<\/p>\n<p>\u201cNesse ato o prefeito toma posse como Presidente da Junta e demonstra seu compromisso com o funcionamento do \u00f3rg\u00e3o na regi\u00e3o\u201d, explicou o tenente Nascimento. O tenente Jorge Banaczec, oficial mobilizador, e a secret\u00e1ria da Junta de Servi\u00e7o Militar, Margareth Bar\u00f4a Domingos, tamb\u00e9m prestigiaram a solenidade.<\/p>\n<p>&nbsp;<\/p>\n<p>Ap\u00f3s o evento, foi realizada a visita de orienta\u00e7\u00e3o t\u00e9cnica para instala\u00e7\u00f5es da Junta de Servi\u00e7o Militar. Esse processo tem como objetivos o nivelamento dos conhecimentos dos secret\u00e1rios e integrantes do Sistema de Servi\u00e7o Militar, troca de experi\u00eancias, informa\u00e7\u00f5es e boas pr\u00e1ticas, apresentar as principais atualiza\u00e7\u00f5es do Sistema Eletr\u00f4nico de Recrutamento Militar (SERMILWEB) e M\u00f3dulo de Assinatura Digital.<\/p>\n<p>&nbsp;<\/p>\n<p>Respons\u00e1vel pelo alistamento de jovens no Servi\u00e7o Militar em Corumb\u00e1, a Junta est\u00e1 localizada na Casa da Cidadania, localizada na Rua XV de Novembro, 400, entre as ruas 13 de Junho e Dom Aquino. O atendimento no local funciona das 7h30 \u00e0s 11h30, de segunda a sexta-feira. O telefone p\u00e1ra contato \u00e9 o 3907-5428.<\/p>\n<p>&nbsp;<\/p>\n<p>O alistamento militar, no per\u00edodo de 2 de janeiro a 30 de junho, \u00e9 obrigat\u00f3rio e independe de grau de escolaridade. O Servi\u00e7o Militar inicial obrigat\u00f3rio tem dura\u00e7\u00e3o de 12 meses, e pode ser reduzido por dois meses ou prorrogado por at\u00e9 seis meses.<\/p>\n<p>&nbsp;<\/p>\n<p>O brasileiro residente no exterior em idade de alistamento deve dirigir-se \u00e0 representa\u00e7\u00e3o consular (Consulado ou Embaixada) mais pr\u00f3xima e realizar o seu alistamento. Assim que retornar ao Brasil, dever\u00e1 procurar uma Junta de Servi\u00e7o Militar.<\/p>\n<p>&nbsp;<\/p>\n<p>Os cidad\u00e3os poder\u00e3o indicar sua prefer\u00eancia pela Marinha, Ex\u00e9rcito ou For\u00e7a A\u00e9rea durante a sele\u00e7\u00e3o geral. Somente ser\u00e1 atendido, caso se enquadre nos perfis previamente estabelecidos para cada for\u00e7a armada, de acordo com a disponibilidade de vagas.<\/p>\n","protected":false},"excerpt":{"rendered":"<p>O prefeito Marcelo Iunes assumiu nesta quarta-feira, 15 de agosto, a presid\u00eancia da Junta de&#8230;<\/p>\n","protected":false},"author":1,"featured_media":21394,"comment_status":"closed","ping_status":"closed","sticky":false,"template":"","format":"standard","meta":{"footnotes":""},"categories":[14],"tags":[],"class_list":["post-21393","post","type-post","status-publish","format-standard","has-post-thumbnail","hentry","category-geral"],"_links":{"self":[{"href":"https:\/\/www.corumbaonline.com.br\/news\/wp-json\/wp\/v2\/posts\/21393","targetHints":{"allow":["GET"]}}],"collection":[{"href":"https:\/\/www.corumbaonline.com.br\/news\/wp-json\/wp\/v2\/posts"}],"about":[{"href":"https:\/\/www.corumbaonline.com.br\/news\/wp-json\/wp\/v2\/types\/post"}],"author":[{"embeddable":true,"href":"https:\/\/www.corumbaonline.com.br\/news\/wp-json\/wp\/v2\/users\/1"}],"replies":[{"embeddable":true,"href":"https:\/\/www.corumbaonline.com.br\/news\/wp-json\/wp\/v2\/comments?post=21393"}],"version-history":[{"count":1,"href":"https:\/\/www.corumbaonline.com.br\/news\/wp-json\/wp\/v2\/posts\/21393\/revisions"}],"predecessor-version":[{"id":21395,"href":"https:\/\/www.corumbaonline.com.br\/news\/wp-json\/wp\/v2\/posts\/21393\/revisions\/21395"}],"wp:featuredmedia":[{"embeddable":true,"href":"https:\/\/www.corumbaonline.com.br\/news\/wp-json\/wp\/v2\/media\/21394"}],"wp:attachment":[{"href":"https:\/\/www.corumbaonline.com.br\/news\/wp-json\/wp\/v2\/media?parent=21393"}],"wp:term":[{"taxonomy":"category","embeddable":true,"href":"https:\/\/www.corumbaonline.com.br\/news\/wp-json\/wp\/v2\/categories?post=21393"},{"taxonomy":"post_tag","embeddable":true,"href":"https:\/\/www.corumbaonline.com.br\/news\/wp-json\/wp\/v2\/tags?post=21393"}],"curies":[{"name":"wp","href":"https:\/\/api.w.org\/{rel}","templated":true}]}}