{"id":21414,"date":"2018-08-15T16:02:53","date_gmt":"2018-08-15T20:02:53","guid":{"rendered":"http:\/\/www.corumbaonline.com.br\/news\/?p=21414"},"modified":"2018-08-15T17:13:46","modified_gmt":"2018-08-15T21:13:46","slug":"apos-registrar-candidatura-pedro-chaves-desiste-de-concorrer-a-reeleicao-para-o-senado","status":"publish","type":"post","link":"https:\/\/www.corumbaonline.com.br\/news\/apos-registrar-candidatura-pedro-chaves-desiste-de-concorrer-a-reeleicao-para-o-senado\/","title":{"rendered":"Ap\u00f3s registrar candidatura, Pedro Chaves desiste de concorrer \u00e0 reelei\u00e7\u00e3o para o Senado"},"content":{"rendered":"<p>O senador Pedro Chaves (PRB) anunciou, nesta quarta-feira (15), que desistiu de disputar a reelei\u00e7\u00e3o ao Senado. Em nota, o parlamentar diz que analisou o cen\u00e1rio pol\u00edtico nacional e regional e resolveu tomar essa decis\u00e3o, mesmo com o pedido de registro de candidatura j\u00e1 solicitado ao TRE-MS (Tribunal Regional Eleitoral).<\/p>\n<p>Rumores sobre uma desist\u00eancia j\u00e1 eram especulados nos bastidores, mas negados pela assessoria e correligion\u00e1rios pr\u00f3ximos a Pedro Chaves. O senador iria disputar a reelei\u00e7\u00e3o na coliga\u00e7\u00e3o com o Podemos e o PDT, do candidato ao Governo do Estado Odilon de Oliveira.<\/p>\n<p>A divulga\u00e7\u00e3o do recuo na tentativa de reelei\u00e7\u00e3o pegou at\u00e9 os colegas de partido de surpresa. Primeiro suplente de Chaves, o vereador de Campo Grande Gilmar da Cruz (PRB) afirmou ao\u00a0<strong>Jornal Midiamax<\/strong>\u00a0que n\u00e3o estava sabendo desta decis\u00e3o.<\/p>\n<p>\u201cEu fiquei sabendo agora por voc\u00eas da imprensa que ele decidiu tomar essa decis\u00e3o. Comigo n\u00e3o [conversou]. Se ele confirmou foi ao partido, a mim n\u00e3o\u201d, relatou Gilmar ao telefone. \u201cEstava at\u00e9 conversando com algumas pessoas sobre a import\u00e2ncia da candidatura dele\u201d.<\/p>\n<p>Em sua nota, Pedro Chaves diz que chegou a essa conclus\u00e3o ap\u00f3s conversar com a fam\u00edlia e assessores e destaca que, mesmo n\u00e3o concorrendo a um cargo eletivo, estar\u00e1 empenhado na defesa da democracia e na constru\u00e7\u00e3o de um Estado melhor.<\/p>\n<p>Confira a \u00edntegra da nota:<\/p>\n<p><em>Prezados,<\/em><\/p>\n<p><em>Comunico a todos que acompanham o meu mandato de senador da Rep\u00fablica e a popula\u00e7\u00e3o de Mato Grosso do Sul que, ap\u00f3s refletir sobre os caminhos do Estado, decidi n\u00e3o disputar \u00e0 reelei\u00e7\u00e3o ao Senado Federal. Tomei essa decis\u00e3o junto a minha fam\u00edlia e assessoria depois de analisar o cen\u00e1rio pol\u00edtico nacional e regional. Mesmo n\u00e3o concorrendo, estarei empenhado na defesa da democracia e das bandeiras que permitam criarmos um pa\u00eds mais justo e fraterno. Contem comigo para construirmos um Mato Grosso do Sul melhor para todos.<\/em><\/p>\n<p>Diante deste acontecimento, o Partido Republicano Brasileiro convocou uma coletiva para \u00e0s 15h, no diret\u00f3rio regional da legenda para atualizar sobre os rumos que ir\u00e1 tomar a partir de agora.<\/p>\n","protected":false},"excerpt":{"rendered":"<p>O senador Pedro Chaves (PRB) anunciou, nesta quarta-feira (15), que desistiu de disputar a reelei\u00e7\u00e3o&#8230;<\/p>\n","protected":false},"author":1,"featured_media":0,"comment_status":"closed","ping_status":"closed","sticky":false,"template":"","format":"standard","meta":{"footnotes":""},"categories":[101,19],"tags":[],"class_list":["post-21414","post","type-post","status-publish","format-standard","hentry","category-eleicoes","category-politica"],"_links":{"self":[{"href":"https:\/\/www.corumbaonline.com.br\/news\/wp-json\/wp\/v2\/posts\/21414","targetHints":{"allow":["GET"]}}],"collection":[{"href":"https:\/\/www.corumbaonline.com.br\/news\/wp-json\/wp\/v2\/posts"}],"about":[{"href":"https:\/\/www.corumbaonline.com.br\/news\/wp-json\/wp\/v2\/types\/post"}],"author":[{"embeddable":true,"href":"https:\/\/www.corumbaonline.com.br\/news\/wp-json\/wp\/v2\/users\/1"}],"replies":[{"embeddable":true,"href":"https:\/\/www.corumbaonline.com.br\/news\/wp-json\/wp\/v2\/comments?post=21414"}],"version-history":[{"count":1,"href":"https:\/\/www.corumbaonline.com.br\/news\/wp-json\/wp\/v2\/posts\/21414\/revisions"}],"predecessor-version":[{"id":21415,"href":"https:\/\/www.corumbaonline.com.br\/news\/wp-json\/wp\/v2\/posts\/21414\/revisions\/21415"}],"wp:attachment":[{"href":"https:\/\/www.corumbaonline.com.br\/news\/wp-json\/wp\/v2\/media?parent=21414"}],"wp:term":[{"taxonomy":"category","embeddable":true,"href":"https:\/\/www.corumbaonline.com.br\/news\/wp-json\/wp\/v2\/categories?post=21414"},{"taxonomy":"post_tag","embeddable":true,"href":"https:\/\/www.corumbaonline.com.br\/news\/wp-json\/wp\/v2\/tags?post=21414"}],"curies":[{"name":"wp","href":"https:\/\/api.w.org\/{rel}","templated":true}]}}