{"id":21416,"date":"2018-08-15T16:16:28","date_gmt":"2018-08-15T20:16:28","guid":{"rendered":"http:\/\/www.corumbaonline.com.br\/news\/?p=21416"},"modified":"2018-08-15T17:16:06","modified_gmt":"2018-08-15T21:16:06","slug":"tania-garib-e-confirmada-pelo-mdb-como-vice-de-mochi","status":"publish","type":"post","link":"https:\/\/www.corumbaonline.com.br\/news\/tania-garib-e-confirmada-pelo-mdb-como-vice-de-mochi\/","title":{"rendered":"T\u00e2nia Garib \u00e9 confirmada pelo MDB como vice de Mochi"},"content":{"rendered":"<p>A ex-secret\u00e1ria de Assist\u00eancia Social de Campo Grande e do Governo, T\u00e2nia Garib, ser\u00e1 anunciada ainda hoje como candidata a vice-governadora de Mato Grosso do Sul na chapa do MDB. Apesar de\u00a0<a href=\"http:\/\/admin.midiamax.com.br\/politica\/2018\/tania-garib-deve-ser-confirmada-pelo-mdb-como-vice-de-mochi\/\" target=\"_blank\" rel=\"noopener noreferrer\"><strong>afirmar publicamente que n\u00e3o aceitaria o convite<\/strong><\/a>, T\u00e2nia foi convencida a participar da disputa, de acordo com fontes ouvidas pelo\u00a0<strong>Jornal Midiamax<\/strong>.<\/p>\n<p>A defini\u00e7\u00e3o de T\u00e2nia se deu na tarde desta quarta-feira (15). A ex-secret\u00e1ria durante a gest\u00e3o de Andr\u00e9 Puccinelli tanto na Capital quanto no Governo\u00a0<a href=\"https:\/\/www.midiamax.com.br\/politica\/2018\/deputados-do-mdb-sugerem-junior-mochi-ao-governo-e-tania-garib-como-vice\/\" target=\"_blank\" rel=\"noopener noreferrer\"><strong>j\u00e1 era cogitada desde o in\u00edcio da semana para compor a chapa emedebista<\/strong><\/a>.<\/p>\n<p>Depois do partido anunciar o deputado estadual e presidente da Assembleia Legislativa, Junior Mochi, como candidato ao Governo, a certeza era de que uma mulher seria candidata a vice.<\/p>\n<p>O registro da candidatura do MDB ao Governo ser\u00e1 feito na tarde desta quarta, no TER-MS (Tribunal Regional Eleitoral).<\/p>\n","protected":false},"excerpt":{"rendered":"<p>A ex-secret\u00e1ria de Assist\u00eancia Social de Campo Grande e do Governo, T\u00e2nia Garib, ser\u00e1 anunciada&#8230;<\/p>\n","protected":false},"author":1,"featured_media":0,"comment_status":"closed","ping_status":"closed","sticky":false,"template":"","format":"standard","meta":{"footnotes":""},"categories":[19],"tags":[],"class_list":["post-21416","post","type-post","status-publish","format-standard","hentry","category-politica"],"_links":{"self":[{"href":"https:\/\/www.corumbaonline.com.br\/news\/wp-json\/wp\/v2\/posts\/21416","targetHints":{"allow":["GET"]}}],"collection":[{"href":"https:\/\/www.corumbaonline.com.br\/news\/wp-json\/wp\/v2\/posts"}],"about":[{"href":"https:\/\/www.corumbaonline.com.br\/news\/wp-json\/wp\/v2\/types\/post"}],"author":[{"embeddable":true,"href":"https:\/\/www.corumbaonline.com.br\/news\/wp-json\/wp\/v2\/users\/1"}],"replies":[{"embeddable":true,"href":"https:\/\/www.corumbaonline.com.br\/news\/wp-json\/wp\/v2\/comments?post=21416"}],"version-history":[{"count":1,"href":"https:\/\/www.corumbaonline.com.br\/news\/wp-json\/wp\/v2\/posts\/21416\/revisions"}],"predecessor-version":[{"id":21417,"href":"https:\/\/www.corumbaonline.com.br\/news\/wp-json\/wp\/v2\/posts\/21416\/revisions\/21417"}],"wp:attachment":[{"href":"https:\/\/www.corumbaonline.com.br\/news\/wp-json\/wp\/v2\/media?parent=21416"}],"wp:term":[{"taxonomy":"category","embeddable":true,"href":"https:\/\/www.corumbaonline.com.br\/news\/wp-json\/wp\/v2\/categories?post=21416"},{"taxonomy":"post_tag","embeddable":true,"href":"https:\/\/www.corumbaonline.com.br\/news\/wp-json\/wp\/v2\/tags?post=21416"}],"curies":[{"name":"wp","href":"https:\/\/api.w.org\/{rel}","templated":true}]}}