{"id":21420,"date":"2018-08-15T17:28:12","date_gmt":"2018-08-15T21:28:12","guid":{"rendered":"http:\/\/www.corumbaonline.com.br\/news\/?p=21420"},"modified":"2018-08-15T17:20:07","modified_gmt":"2018-08-15T21:20:07","slug":"pt-registra-candidatura-de-lula-a-presidencia-da-republica","status":"publish","type":"post","link":"https:\/\/www.corumbaonline.com.br\/news\/pt-registra-candidatura-de-lula-a-presidencia-da-republica\/","title":{"rendered":"PT registra candidatura de Lula \u00e0 Presid\u00eancia da Rep\u00fablica"},"content":{"rendered":"<p>O PT registrou no Tribunal Superior Eleitoral (TSE) a candidatura do ex-presidente Luiz In\u00e1cio Lula da Silva \u00e0 Presid\u00eancia da Rep\u00fablica nas elei\u00e7\u00f5es de outubro. O vice da chapa \u00e9 o ex-ministro Fernando Haddad.<\/p>\n<p>Ao registrar a candidatura, o PT declarou que o ex-presidente tem R$ 7,9 milh\u00f5es em bens.\u00a0Haddad declarou total de R$ 428 mil em bens \u00e0 Justi\u00e7a Eleitoral.<\/p>\n<p>Lula est\u00e1 preso na Superintend\u00eancia da Pol\u00edcia Federal (PF) em Curitiba desde\u00a07 de abril em\u00a0fun\u00e7\u00e3o da condena\u00e7\u00e3o a 12 anos e um\u00a0m\u00eas de pris\u00e3o por corrup\u00e7\u00e3o e lavagem de dinheiro na a\u00e7\u00e3o penal do caso do triplex do Guaruj\u00e1 (SP).<\/p>\n<p>Em tese, o ex-presidente estaria enquadrado no artigo da Lei da Ficha Limpa, que impede a candidatura de condenados por \u00f3rg\u00e3os\u00a0colegiados. No entanto, o pedido de registro e a poss\u00edvel inelegibilidade precisam ser analisados pelo TSE. O pedido funciona como o primeiro passo para que a Justi\u00e7a Eleitoral analise o caso.<\/p>\n<p>Lula tenta chegar ao terceiro mandato presidencial. O ex-presidente foi eleito para o cargo nas elei\u00e7\u00f5es de 2002 e reeleito para mandato de mais quatros em 2006. Ele come\u00e7ou sua traget\u00f3ria pol\u00edtica na d\u00e9cada de 1980 como dirigente sindical em S\u00e3o Bernardo do Campo (SP) e \u00e9 um dos fundadores do PT.<\/p>\n<h2>Rito<\/h2>\n<p>O pedido de registro de candidatura, cujo prazo para apresenta\u00e7\u00e3o no TSE termina \u00e0s 19h, n\u00e3o garante automaticamente\u00a0ao candidato o direito de disputar o pleito.<\/p>\n<p>Com fim do prazo, o tribunal vai publicar um edital para dar publicidade aos registros. Ap\u00f3s a publica\u00e7\u00e3o, o Minist\u00e9rio P\u00fablico Eleitoral (MPE), partidos e coliga\u00e7\u00f5es poder\u00e3o impugnar\u00a0as candidaturas, alegando que candidato n\u00e3o poder\u00e1 disputar as elei\u00e7\u00f5es em fun\u00e7\u00e3o de alguma inelegibilidade prevista na Lei da Ficha Limpa.<\/p>\n<p>Ap\u00f3s o eventual pedido de impugna\u00e7\u00e3o, o ministro-relator do pedido vai decidir se o registro ser\u00e1 aceito ou n\u00e3o. O prazo para decis\u00e3o \u00e9 17 de setembro.<\/p>\n","protected":false},"excerpt":{"rendered":"<p>O PT registrou no Tribunal Superior Eleitoral (TSE) a candidatura do ex-presidente Luiz In\u00e1cio Lula&#8230;<\/p>\n","protected":false},"author":1,"featured_media":0,"comment_status":"closed","ping_status":"closed","sticky":false,"template":"","format":"standard","meta":{"footnotes":""},"categories":[101,19],"tags":[],"class_list":["post-21420","post","type-post","status-publish","format-standard","hentry","category-eleicoes","category-politica"],"_links":{"self":[{"href":"https:\/\/www.corumbaonline.com.br\/news\/wp-json\/wp\/v2\/posts\/21420","targetHints":{"allow":["GET"]}}],"collection":[{"href":"https:\/\/www.corumbaonline.com.br\/news\/wp-json\/wp\/v2\/posts"}],"about":[{"href":"https:\/\/www.corumbaonline.com.br\/news\/wp-json\/wp\/v2\/types\/post"}],"author":[{"embeddable":true,"href":"https:\/\/www.corumbaonline.com.br\/news\/wp-json\/wp\/v2\/users\/1"}],"replies":[{"embeddable":true,"href":"https:\/\/www.corumbaonline.com.br\/news\/wp-json\/wp\/v2\/comments?post=21420"}],"version-history":[{"count":1,"href":"https:\/\/www.corumbaonline.com.br\/news\/wp-json\/wp\/v2\/posts\/21420\/revisions"}],"predecessor-version":[{"id":21421,"href":"https:\/\/www.corumbaonline.com.br\/news\/wp-json\/wp\/v2\/posts\/21420\/revisions\/21421"}],"wp:attachment":[{"href":"https:\/\/www.corumbaonline.com.br\/news\/wp-json\/wp\/v2\/media?parent=21420"}],"wp:term":[{"taxonomy":"category","embeddable":true,"href":"https:\/\/www.corumbaonline.com.br\/news\/wp-json\/wp\/v2\/categories?post=21420"},{"taxonomy":"post_tag","embeddable":true,"href":"https:\/\/www.corumbaonline.com.br\/news\/wp-json\/wp\/v2\/tags?post=21420"}],"curies":[{"name":"wp","href":"https:\/\/api.w.org\/{rel}","templated":true}]}}