{"id":21422,"date":"2018-08-15T17:35:05","date_gmt":"2018-08-15T21:35:05","guid":{"rendered":"http:\/\/www.corumbaonline.com.br\/news\/?p=21422"},"modified":"2018-08-15T17:21:41","modified_gmt":"2018-08-15T21:21:41","slug":"camara-aprova-projeto-de-lei-complementar-que-beneficia-agentes-de-transito","status":"publish","type":"post","link":"https:\/\/www.corumbaonline.com.br\/news\/camara-aprova-projeto-de-lei-complementar-que-beneficia-agentes-de-transito\/","title":{"rendered":"C\u00e2mara aprova Projeto de Lei Complementar que beneficia Agentes de Tr\u00e2nsito"},"content":{"rendered":"<p><span style=\"color: #000000;\">A C\u00e2mara Municipal de Corumb\u00e1 aprovou na sess\u00e3o de ontem, ter\u00e7a-feira, 14, um Projeto de Lei que altera a Lei Complementar n\u00ba 89, de 21 dezembro de 2005, beneficiando Agentes de Tr\u00e2nsito da Ag\u00eancia Municipal de Tr\u00e2nsito e Transporte (Agetrat).<\/span><\/p>\n<p><span style=\"color: #000000;\">O Projeto de Lei foi encaminhado pelo Poder Executivo, assinado pelo prefeito Marcelo Iunes, e a vota\u00e7\u00e3o foi acompanhada pelos Agentes que s\u00e3o servidores efetivos da Guarda Municipal, mas que desempenham essa fun\u00e7\u00e3o, ap\u00f3s a realiza\u00e7\u00e3o de curso e credenciamento pelo Poder P\u00fablico para o exerc\u00edcio desse servi\u00e7o.<\/span><\/p>\n<p><span style=\"color: #000000;\">\u201cTrata-se de atividade de car\u00e1ter essencial na gest\u00e3o municipal na qual \u00e9 exigida capacita\u00e7\u00e3o t\u00e9cnica especifica, sendo certo que em decorr\u00eancia de certas particularidades da atividade torna-se necess\u00e1ria uma compensa\u00e7\u00e3o financeira para esta categoria de servidores\u201d, explicou o prefeito em sua mensagem encaminhada \u00e0 C\u00e2mara, dirigida ao presidente Evander Vendramini.<\/span><\/p>\n<p><span style=\"color: #000000;\">Com a aprova\u00e7\u00e3o, o percentual da ratifica\u00e7\u00e3o de opera\u00e7\u00f5es especiais para de at\u00e9 100% da remunera\u00e7\u00e3o-base, conforme a Lei Complementar n\u00ba. 89, para o limite de at\u00e9 150%, conforme crit\u00e9rios t\u00e9cnicos estabelecidos por ato do Poder Executivo, assim como \u00e9 feito para os demais integrantes da Guarda Municipal.<\/span><\/p>\n","protected":false},"excerpt":{"rendered":"<p>A C\u00e2mara Municipal de Corumb\u00e1 aprovou na sess\u00e3o de ontem, ter\u00e7a-feira, 14, um Projeto de&#8230;<\/p>\n","protected":false},"author":1,"featured_media":0,"comment_status":"closed","ping_status":"closed","sticky":false,"template":"","format":"standard","meta":{"footnotes":""},"categories":[19],"tags":[],"class_list":["post-21422","post","type-post","status-publish","format-standard","hentry","category-politica"],"_links":{"self":[{"href":"https:\/\/www.corumbaonline.com.br\/news\/wp-json\/wp\/v2\/posts\/21422","targetHints":{"allow":["GET"]}}],"collection":[{"href":"https:\/\/www.corumbaonline.com.br\/news\/wp-json\/wp\/v2\/posts"}],"about":[{"href":"https:\/\/www.corumbaonline.com.br\/news\/wp-json\/wp\/v2\/types\/post"}],"author":[{"embeddable":true,"href":"https:\/\/www.corumbaonline.com.br\/news\/wp-json\/wp\/v2\/users\/1"}],"replies":[{"embeddable":true,"href":"https:\/\/www.corumbaonline.com.br\/news\/wp-json\/wp\/v2\/comments?post=21422"}],"version-history":[{"count":1,"href":"https:\/\/www.corumbaonline.com.br\/news\/wp-json\/wp\/v2\/posts\/21422\/revisions"}],"predecessor-version":[{"id":21423,"href":"https:\/\/www.corumbaonline.com.br\/news\/wp-json\/wp\/v2\/posts\/21422\/revisions\/21423"}],"wp:attachment":[{"href":"https:\/\/www.corumbaonline.com.br\/news\/wp-json\/wp\/v2\/media?parent=21422"}],"wp:term":[{"taxonomy":"category","embeddable":true,"href":"https:\/\/www.corumbaonline.com.br\/news\/wp-json\/wp\/v2\/categories?post=21422"},{"taxonomy":"post_tag","embeddable":true,"href":"https:\/\/www.corumbaonline.com.br\/news\/wp-json\/wp\/v2\/tags?post=21422"}],"curies":[{"name":"wp","href":"https:\/\/api.w.org\/{rel}","templated":true}]}}