{"id":21438,"date":"2018-08-16T09:24:30","date_gmt":"2018-08-16T13:24:30","guid":{"rendered":"http:\/\/www.corumbaonline.com.br\/news\/?p=21438"},"modified":"2018-08-16T09:54:45","modified_gmt":"2018-08-16T13:54:45","slug":"em-corumba-comite-e-instalado-para-definir-candidatura-de-fortificacoes-a-patrimonio-mundial","status":"publish","type":"post","link":"https:\/\/www.corumbaonline.com.br\/news\/em-corumba-comite-e-instalado-para-definir-candidatura-de-fortificacoes-a-patrimonio-mundial\/","title":{"rendered":"Em Corumb\u00e1 comit\u00ea \u00e9 instalado para definir candidatura de fortifica\u00e7\u00f5es a Patrim\u00f4nio Mundial"},"content":{"rendered":"<p class=\"AlignJustify\">No pr\u00f3ximo dia 18 de agosto, uma comitiva composta pela presidente Instituto do Patrim\u00f4nio Hist\u00f3rico e Art\u00edstico Nacional (Iphan), K\u00e1tia Bog\u00e9a, pelo Ministro-Chefe da Secretaria de Governo, Carlos Marun, e com apoio do Ex\u00e9rcito Brasileiro e da Marinha do Brasil, vai realizar a reuni\u00e3o de instala\u00e7\u00e3o do Comit\u00ea T\u00e9cnico da Candidatura do Forte Coimbra, localizado em Corumb\u00e1 (MS). No ano de 2016, o Iphan apresentou \u00e0 Unesco a candidatura do\u00a0<a href=\"http:\/\/portal.iphan.gov.br\/pagina\/detalhes\/1609\/\" target=\"_blank\" rel=\"noopener noreferrer\">Conjunto de Fortifica\u00e7\u00f5es do Brasil<\/a>\u00a0a t\u00edtulo de Patrim\u00f4nio Mundial. S\u00e3o 19 edifica\u00e7\u00f5es, fortes e fortifica\u00e7\u00f5es, constru\u00eddas entre os s\u00e9culos XVI e XIX, localizadas em todas as regi\u00f5es do pa\u00eds, testemunhos do hist\u00f3rico esfor\u00e7o para a ocupa\u00e7\u00e3o, defesa e integra\u00e7\u00e3o do territ\u00f3rio nacional.<\/p>\n<p class=\"AlignJustify\">O Forte de Coimbra, em Corumb\u00e1, foi o primeiro a ser erguido a partir de uma ordem da Coroa Portuguesa para a constru\u00e7\u00e3o de fortifica\u00e7\u00f5es militares em alguns pontos do rio Paraguai, a partir de 1775. Durante a Guerra do Paraguai (1864 a 1870), teve papel fundamental nas batalhas travadas, sendo fundamental para a consolida\u00e7\u00e3o da fronteira oeste do Brasil. Em 1974, o Forte Coimbra foi tombado pelo Iphan e, atualmente, \u00e9 administrado pelo Ex\u00e9rcito Brasileiro, que tem como atra\u00e7\u00f5es a visita \u00e0 parte alta da constru\u00e7\u00e3o, de onde se observa o rio Paraguai ao lado de antigos canh\u00f5es, al\u00e9m do passeio \u00e0 vila de moradores e \u00e0 gruta Buraco do Suturno.<\/p>\n<p class=\"AlignJustify\">O Comit\u00ea T\u00e9cnico da Candidatura foi institu\u00eddo pelo Iphan em maio de 2018 e no in\u00edcio deste m\u00eas a nomea\u00e7\u00e3o dos membros foi publicada no\u00a0<a href=\"http:\/\/pesquisa.in.gov.br\/imprensa\/jsp\/visualiza\/index.jsp?data=09\/08\/2018&amp;jornal=529&amp;pagina=10&amp;totalArquivos=69\" target=\"_blank\" rel=\"noopener noreferrer\">Di\u00e1rio Oficial da Uni\u00e3o<\/a>. O comit\u00ea possui a atribui\u00e7\u00e3o de estabelecer as diretrizes, conceitos e a\u00e7\u00f5es para a elabora\u00e7\u00e3o do dossi\u00ea t\u00e9cnico referente \u00e0 fortaleza para a candidatura, al\u00e9m de ser a inst\u00e2ncia de interlocu\u00e7\u00e3o t\u00e9cnica local em rela\u00e7\u00e3o ao Conjunto de Fortifica\u00e7\u00f5es do Brasil a t\u00edtulo de Patrim\u00f4nio Mundial \u00e0 Patrim\u00f4nio Cultural da Humanidade.<\/p>\n<p class=\"AlignJustify\"><strong>Candidatos a Patrim\u00f4nio Mundial<\/strong><\/p>\n<p class=\"AlignJustify\">O Conjunto de Fortifica\u00e7\u00f5es do Brasil, composto por 19 fortalezas e fortes situados em dez estados brasileiros, est\u00e1 entre os bens que integram a\u00a0<a href=\"http:\/\/portal.iphan.gov.br\/pagina\/detalhes\/813\" target=\"_blank\" rel=\"noopener noreferrer\">Lista Indicativa brasileira a Patrim\u00f4nio Mundial da Unesco<\/a>. O conjunto representa as constru\u00e7\u00f5es defensivas implantadas no territ\u00f3rio nacional, nos pontos que serviram para definir as fronteiras mar\u00edtimas e fluviais do Pa\u00eds.<\/p>\n<p class=\"AlignJustify\">Implantadas pelos europeus no Brasil, as fortifica\u00e7\u00f5es tiveram suas origens em um processo de ocupa\u00e7\u00e3o do territ\u00f3rio de modo particular, diferenciado das outras pot\u00eancias coloniais. Baseava-se em um esfor\u00e7o descentralizado, oriundo de a\u00e7\u00f5es dos pr\u00f3prios moradores das diferentes capitanias que formariam o Brasil, sem uma maior interven\u00e7\u00e3o da metr\u00f3pole. Isso resultou na constru\u00e7\u00e3o de centenas de fortifica\u00e7\u00f5es, espalhadas por todo o territ\u00f3rio nacional, edificadas para atender mais a interesses locais do que os da metr\u00f3pole.<\/p>\n<p class=\"AlignJustify\">A sele\u00e7\u00e3o inclui monumentos erguidos no territ\u00f3rio desde o in\u00edcio da coloniza\u00e7\u00e3o: Forte de Santo Ant\u00f4nio da Barra, Forte S\u00e3o Diogo, Forte S\u00e3o Marcelo, Forte de Santa Maria e Forte de Nossa Senhora de Mont Serrat (BA); Forte Coimbra (MS); Forte de Santa Catarina (PB); Forte de Santa Cruz, Forte S\u00e3o Jo\u00e3o Batista do Brum e Forte S\u00e3o Tiago das Cinco Pontas (PE);\u00a0 Forte dos Reis Magos (RN); Forte de Pr\u00edncipe da Beira (RO); Forte de Santo Ant\u00f4nio de Ratones e Fortaleza de Santa Cruz de Anhantomirime (SC); Forte de Santo Amaro da Barra Grande e Forte S\u00e3o Jo\u00e3o (SP); Fortaleza de S\u00e3o Jos\u00e9 (AP); Fortaleza de Santa Cruz da Barra e Fortaleza de S\u00e3o Jo\u00e3o (RJ).<\/p>\n","protected":false},"excerpt":{"rendered":"<p>No pr\u00f3ximo dia 18 de agosto, uma comitiva composta pela presidente Instituto do Patrim\u00f4nio Hist\u00f3rico&#8230;<\/p>\n","protected":false},"author":1,"featured_media":21439,"comment_status":"closed","ping_status":"closed","sticky":false,"template":"","format":"standard","meta":{"footnotes":""},"categories":[7],"tags":[],"class_list":["post-21438","post","type-post","status-publish","format-standard","has-post-thumbnail","hentry","category-cultura"],"_links":{"self":[{"href":"https:\/\/www.corumbaonline.com.br\/news\/wp-json\/wp\/v2\/posts\/21438","targetHints":{"allow":["GET"]}}],"collection":[{"href":"https:\/\/www.corumbaonline.com.br\/news\/wp-json\/wp\/v2\/posts"}],"about":[{"href":"https:\/\/www.corumbaonline.com.br\/news\/wp-json\/wp\/v2\/types\/post"}],"author":[{"embeddable":true,"href":"https:\/\/www.corumbaonline.com.br\/news\/wp-json\/wp\/v2\/users\/1"}],"replies":[{"embeddable":true,"href":"https:\/\/www.corumbaonline.com.br\/news\/wp-json\/wp\/v2\/comments?post=21438"}],"version-history":[{"count":1,"href":"https:\/\/www.corumbaonline.com.br\/news\/wp-json\/wp\/v2\/posts\/21438\/revisions"}],"predecessor-version":[{"id":21440,"href":"https:\/\/www.corumbaonline.com.br\/news\/wp-json\/wp\/v2\/posts\/21438\/revisions\/21440"}],"wp:featuredmedia":[{"embeddable":true,"href":"https:\/\/www.corumbaonline.com.br\/news\/wp-json\/wp\/v2\/media\/21439"}],"wp:attachment":[{"href":"https:\/\/www.corumbaonline.com.br\/news\/wp-json\/wp\/v2\/media?parent=21438"}],"wp:term":[{"taxonomy":"category","embeddable":true,"href":"https:\/\/www.corumbaonline.com.br\/news\/wp-json\/wp\/v2\/categories?post=21438"},{"taxonomy":"post_tag","embeddable":true,"href":"https:\/\/www.corumbaonline.com.br\/news\/wp-json\/wp\/v2\/tags?post=21438"}],"curies":[{"name":"wp","href":"https:\/\/api.w.org\/{rel}","templated":true}]}}