{"id":21441,"date":"2018-08-16T09:36:03","date_gmt":"2018-08-16T13:36:03","guid":{"rendered":"http:\/\/www.corumbaonline.com.br\/news\/?p=21441"},"modified":"2018-08-16T09:56:19","modified_gmt":"2018-08-16T13:56:19","slug":"com-moradores-prefeito-discute-acoes-para-conjunto-cravo-vermelho","status":"publish","type":"post","link":"https:\/\/www.corumbaonline.com.br\/news\/com-moradores-prefeito-discute-acoes-para-conjunto-cravo-vermelho\/","title":{"rendered":"Com moradores, prefeito discute a\u00e7\u00f5es para conjunto Cravo Vermelho"},"content":{"rendered":"<p>Representantes dos moradores dos conjuntos Cravo Vermelho (I, II e III) se reuniram com o prefeito Marcelo Iunes no final da manh\u00e3 desta quarta-feira, 15 de agosto. No encontro, foram tratadas quest\u00f5es relacionadas \u00e0 infraestrutura daquela regi\u00e3o da cidade. Mais cedo, os moradores do Cravo tiveram reuni\u00e3o com o secret\u00e1rio Municipal de Infraestrutura e Servi\u00e7os P\u00fablicos, Ricardo Ametlla.<\/p>\n<p>&nbsp;<\/p>\n<p>\u201cTratamos de v\u00e1rias situa\u00e7\u00f5es do Cravo Vermelho, como servi\u00e7o de infraestrutura; regulariza\u00e7\u00e3o fundi\u00e1ria e drenagem. Estamos desenvolvendo esses projetos, por orienta\u00e7\u00e3o do prefeito Marcelo Iunes. S\u00e3o a\u00e7\u00f5es n\u00e3o s\u00f3 com recursos do Fonplata, mas tamb\u00e9m, com recursos pr\u00f3prios do Munic\u00edpio\u201d disse Ametlla.<\/p>\n<p>&nbsp;<\/p>\n<p>O titular da Secretaria Municipal de Infraestrutura afirmou que a Prefeitura trabalha um grande projeto para o conjunto. \u201cH\u00e1 um projeto de lei, orientado pelo prefeito, para que o Cravo Vermelho seja transformado em bairro, tornando-se o 22\u00b0 bairro de Corumb\u00e1\u201d, ressaltou o secret\u00e1rio.<\/p>\n<p>&nbsp;<\/p>\n<p>\u201cEstamos na expectativa de o prefeito Marcelo Iunes resolver problemas nossos que se arrastam h\u00e1 anos, desde a quest\u00e3o da regulariza\u00e7\u00e3o dos lotes \u00e0 situa\u00e7\u00e3o da drenagem do cravo e recapeamento do asfalto no Cravo I. Tamb\u00e9m discutimos a transforma\u00e7\u00e3o do conjunto em bairro\u201d, destacou Mauro Calonga, presidente da Associa\u00e7\u00e3o dos Moradores do Cravo Vermelho. \u201cMostrou que est\u00e1 em andamento para acontecer\u201d, complementou. O presidente da Associa\u00e7\u00e3o esteve acompanhado pelos moradores Fausto Cuiabano, Roberto Carlos Duarte e Edmundo Ribeiro Juli\u00e3o.<\/p>\n<p>&nbsp;<\/p>\n<p>Iunes refor\u00e7ou aos moradores do Cravo e ao presidente da Associa\u00e7\u00e3o, que a Prefeitura trabalha a\u00e7\u00f5es para a regi\u00e3o. O prefeito destacou que o Munic\u00edpio est\u00e1 preparando projeto de lei para enviar ao Legislativo Municipal tratando da regulariza\u00e7\u00e3o fundi\u00e1ria do conjunto, bem como a delimita\u00e7\u00e3o da \u00e1rea legal para transforma\u00e7\u00e3o do conjunto em bairro.<\/p>\n","protected":false},"excerpt":{"rendered":"<p>Representantes dos moradores dos conjuntos Cravo Vermelho (I, II e III) se reuniram com o&#8230;<\/p>\n","protected":false},"author":1,"featured_media":21442,"comment_status":"closed","ping_status":"closed","sticky":false,"template":"","format":"standard","meta":{"footnotes":""},"categories":[19],"tags":[],"class_list":["post-21441","post","type-post","status-publish","format-standard","has-post-thumbnail","hentry","category-politica"],"_links":{"self":[{"href":"https:\/\/www.corumbaonline.com.br\/news\/wp-json\/wp\/v2\/posts\/21441","targetHints":{"allow":["GET"]}}],"collection":[{"href":"https:\/\/www.corumbaonline.com.br\/news\/wp-json\/wp\/v2\/posts"}],"about":[{"href":"https:\/\/www.corumbaonline.com.br\/news\/wp-json\/wp\/v2\/types\/post"}],"author":[{"embeddable":true,"href":"https:\/\/www.corumbaonline.com.br\/news\/wp-json\/wp\/v2\/users\/1"}],"replies":[{"embeddable":true,"href":"https:\/\/www.corumbaonline.com.br\/news\/wp-json\/wp\/v2\/comments?post=21441"}],"version-history":[{"count":1,"href":"https:\/\/www.corumbaonline.com.br\/news\/wp-json\/wp\/v2\/posts\/21441\/revisions"}],"predecessor-version":[{"id":21443,"href":"https:\/\/www.corumbaonline.com.br\/news\/wp-json\/wp\/v2\/posts\/21441\/revisions\/21443"}],"wp:featuredmedia":[{"embeddable":true,"href":"https:\/\/www.corumbaonline.com.br\/news\/wp-json\/wp\/v2\/media\/21442"}],"wp:attachment":[{"href":"https:\/\/www.corumbaonline.com.br\/news\/wp-json\/wp\/v2\/media?parent=21441"}],"wp:term":[{"taxonomy":"category","embeddable":true,"href":"https:\/\/www.corumbaonline.com.br\/news\/wp-json\/wp\/v2\/categories?post=21441"},{"taxonomy":"post_tag","embeddable":true,"href":"https:\/\/www.corumbaonline.com.br\/news\/wp-json\/wp\/v2\/tags?post=21441"}],"curies":[{"name":"wp","href":"https:\/\/api.w.org\/{rel}","templated":true}]}}