{"id":21459,"date":"2018-08-16T11:00:20","date_gmt":"2018-08-16T15:00:20","guid":{"rendered":"http:\/\/www.corumbaonline.com.br\/news\/?p=21459"},"modified":"2018-08-16T13:04:00","modified_gmt":"2018-08-16T17:04:00","slug":"pgr-tenta-acelerar-julgamento-de-registro-de-lula-no-tse","status":"publish","type":"post","link":"https:\/\/www.corumbaonline.com.br\/news\/pgr-tenta-acelerar-julgamento-de-registro-de-lula-no-tse\/","title":{"rendered":"PGR tenta acelerar julgamento de registro de Lula no TSE"},"content":{"rendered":"<p>A procuradora-geral da Rep\u00fablica, Raquel Dodge, entrou hoje (16) com um novo pedido no processo de registro de Luiz In\u00e1cio Lula da Silva como candidato \u00e0 Presid\u00eancia da Rep\u00fablica.<\/p>\n<p>Ela quer que o prazo de sete dias para a manifesta\u00e7\u00e3o da defesa contra a impugna\u00e7\u00e3o (questionamento) do pedido de registro seja adiantado e passe a contar a partir desta quinta-feira, numa tentativa de acelerar o julgamento.<\/p>\n<div class=\"dnd-widget-wrapper context-cheio_8colunas type-image\">\n<div class=\"dnd-atom-rendered\">\n<figure class=\"mejs-fotoh-wrapper\">\n<p><figure style=\"width: 754px\" class=\"wp-caption alignnone\"><img loading=\"lazy\" decoding=\"async\" class=\"img-responsive full full\" title=\"Jos\u00e9 Cruz\/Ag\u00eancia Brasil\/Ag\u00eancia Brasil\" src=\"http:\/\/imagens.ebc.com.br\/-gWJxmHRMi1AjdC0cVdL4RbhX54=\/754x0\/smart\/http:\/\/agenciabrasil.ebc.com.br\/sites\/default\/files\/thumbnails\/image\/jfcrzabr_290618588df.jpg?itok=RvYBRSCd\" alt=\"A procuradora-geral da Rep\u00fablica, Raquel Dodge, durante sess\u00e3o extraordin\u00e1ria,  para a retomada do julgamento da a\u00e7\u00e3o direta de inconstitucionalidade (ADI 5794) que questiona o fim da contribui\u00e7\u00e3o sindical obrigat\u00f3ria.\" width=\"754\" height=\"503\" \/><figcaption class=\"wp-caption-text\">Raquel Dodge entrou com um novo pedido no processo de registro de Luiz In\u00e1cio Lula da Silva como candidato \u00e0 Presid\u00eancia da Rep\u00fablica (Jos\u00e9 Cruz\/Ag\u00eancia Brasil)<\/figcaption><\/figure><\/figure>\n<\/div>\n<\/div>\n<p>Ontem (15), menos de uma hora depois de o ministro Lu\u00eds Roberto Barroso ter sido sorteado relator do pedido de registro, Raquel Dodge, que \u00e9 tamb\u00e9m a procuradora-geral eleitoral, entrou com a<a href=\"http:\/\/agenciabrasil.ebc.com.br\/politica\/noticia\/2018-08\/pgr-contesta-candidatura-de-lula-presidencia\" target=\"_blank\" rel=\"noopener noreferrer\">\u00a0impugna\u00e7\u00e3o<\/a>, argumentando que Lula est\u00e1 ineleg\u00edvel de acordo com os crit\u00e9rios da Lei da Ficha Limpa.<\/p>\n<p>Outras duas impugna\u00e7\u00f5es, movidas pelos candidatos a deputado federal Alexandre Frota (PSL) e Kim Kataguiri (DEM), tamb\u00e9m foram protocoladas na tarde de quarta-feira (15), mas ainda antes de o pedido de registro de Lula ter sido inclu\u00eddo no sistema do TSE.<\/p>\n<p>Assim, tais questionamentos acabaram sendo distribu\u00eddos a outro relator, o ministro Admar Gonzaga.<\/p>\n<p>Em seguida, o PT entrou ent\u00e3o com uma peti\u00e7\u00e3o no TSE, colocando em d\u00favida o fato de as impugna\u00e7\u00f5es de Frota e Kataguiri terem sido distribu\u00eddas a Gonzaga, e n\u00e3o a Barroso.<\/p>\n<p>Segundo nota divulgada pelos advogados do partido, isso foi feito \u201ccom o \u00fanico objetivo de evitar eventuais nulidades\u201d, devido ao ministro n\u00e3o ser o relator do registro de Lula.<\/p>\n<p>Com base na peti\u00e7\u00e3o do PT, Raquel Dodge argumentou que a defesa j\u00e1 tomou ci\u00eancia da impugna\u00e7\u00e3o, sem que seja necess\u00e1rio aguardar a notifica\u00e7\u00e3o dos advogados, motivo pelo qual o prazo para a manifesta\u00e7\u00e3o da defesa deve come\u00e7ar a contar a partir desta quinta-feira, pois Lula \u201ccompareceu espontaneamente aos autos, teve ci\u00eancia da impugna\u00e7\u00e3o ministerial, passando, portanto, a fluir dessa data o prazo para apresenta\u00e7\u00e3o de contesta\u00e7\u00e3o\u201d.<\/p>\n<p>Hoje, o advogado de Lula no TSE, Luiz Fernando Casagrande Pereira, ironizou a celeridade de Raquel Dodge em impugnar o pedido de registro de candidatura de Lula.<\/p>\n<p>\u201cA gente n\u00e3o tinha visto a Procuradoria ser t\u00e3o r\u00e1pida at\u00e9 hoje, n\u00e9? Mas o advogado nunca pode reclamar contra a celeridade do Judici\u00e1rio, a gente s\u00f3 acha que quem sabe se houvesse essa rapidez em todos os casos, o estoque de processos do Brasil estaria zerado\u201d, disse.<\/p>\n<p>Em tese, seria necess\u00e1rio aguardar que o TSE publicasse, no prazo de cinco dias, o edital com todos os pedidos de registro, somente ap\u00f3s o qual seriam recebidas as impugna\u00e7\u00f5es.<\/p>\n<p>A PGR, entretanto, se adiantou ao processo. A Justi\u00e7a Eleitoral tem at\u00e9 o dia 17 de setembro para deferir ou indeferir todos os registros de candidatura, prazo final tamb\u00e9m para que candidatos sejam substitu\u00eddos pelos partidos.<\/p>\n<p>Barroso pode decidir de modo monocr\u00e1tico e liminar (individual e provis\u00f3rio) sobre o deferimento ou n\u00e3o do registro de Lula, mas o mais prov\u00e1vel \u00e9 que, ante a relev\u00e2ncia do tema, o caso seja levado diretamente ao plen\u00e1rio do TSE. Hoje, ao ser questionado sobre o assunto, ele disse somente que far\u00e1 \u201co que \u00e9 certo\u201d.<\/p>\n<h2>Condena\u00e7\u00e3o<\/h2>\n<p>Lula est\u00e1 preso desde 7 de abril na Superintend\u00eancia da Pol\u00edcia Federal, em Curitiba, em decorr\u00eancia de sua condena\u00e7\u00e3o no caso do tr\u00edplex no Guaruj\u00e1 (SP).<\/p>\n<p>Ele foi condenado por corrup\u00e7\u00e3o e lavagem de dinheiro a uma pena de 12 anos e um m\u00eas imposta pelo Tribunal Regional Federal da 4\u00aa Regi\u00e3o (TRF4), segunda inst\u00e2ncia da Justi\u00e7a Federal.<\/p>\n<p>Com a condena\u00e7\u00e3o em segunda inst\u00e2ncia, Lula pode ser enquadrado nos crit\u00e9rios de inelegibilidade da Lei da Ficha Limpa. Ele sempre negou ser propriet\u00e1rio do tr\u00edplex no Guaruj\u00e1 e pretende reverter a condena\u00e7\u00e3o no Superior Tribunal de Justi\u00e7a (STJ) e ao Supremo Tribunal Federal (STF).<\/p>\n<p>Os advogados querem que os recursos \u00e0s inst\u00e2ncias superiores tenham efeito suspensivo sobre a condena\u00e7\u00e3o, o que garantiria a Lula o direito de recorrer em liberdade e tamb\u00e9m de disputar as elei\u00e7\u00f5es.<\/p>\n","protected":false},"excerpt":{"rendered":"<p>A procuradora-geral da Rep\u00fablica, Raquel Dodge, entrou hoje (16) com um novo pedido no processo&#8230;<\/p>\n","protected":false},"author":1,"featured_media":0,"comment_status":"closed","ping_status":"closed","sticky":false,"template":"","format":"standard","meta":{"footnotes":""},"categories":[101,19],"tags":[],"class_list":["post-21459","post","type-post","status-publish","format-standard","hentry","category-eleicoes","category-politica"],"_links":{"self":[{"href":"https:\/\/www.corumbaonline.com.br\/news\/wp-json\/wp\/v2\/posts\/21459","targetHints":{"allow":["GET"]}}],"collection":[{"href":"https:\/\/www.corumbaonline.com.br\/news\/wp-json\/wp\/v2\/posts"}],"about":[{"href":"https:\/\/www.corumbaonline.com.br\/news\/wp-json\/wp\/v2\/types\/post"}],"author":[{"embeddable":true,"href":"https:\/\/www.corumbaonline.com.br\/news\/wp-json\/wp\/v2\/users\/1"}],"replies":[{"embeddable":true,"href":"https:\/\/www.corumbaonline.com.br\/news\/wp-json\/wp\/v2\/comments?post=21459"}],"version-history":[{"count":1,"href":"https:\/\/www.corumbaonline.com.br\/news\/wp-json\/wp\/v2\/posts\/21459\/revisions"}],"predecessor-version":[{"id":21460,"href":"https:\/\/www.corumbaonline.com.br\/news\/wp-json\/wp\/v2\/posts\/21459\/revisions\/21460"}],"wp:attachment":[{"href":"https:\/\/www.corumbaonline.com.br\/news\/wp-json\/wp\/v2\/media?parent=21459"}],"wp:term":[{"taxonomy":"category","embeddable":true,"href":"https:\/\/www.corumbaonline.com.br\/news\/wp-json\/wp\/v2\/categories?post=21459"},{"taxonomy":"post_tag","embeddable":true,"href":"https:\/\/www.corumbaonline.com.br\/news\/wp-json\/wp\/v2\/tags?post=21459"}],"curies":[{"name":"wp","href":"https:\/\/api.w.org\/{rel}","templated":true}]}}