{"id":21463,"date":"2018-08-16T01:24:09","date_gmt":"2018-08-16T05:24:09","guid":{"rendered":"http:\/\/www.corumbaonline.com.br\/news\/?p=21463"},"modified":"2018-08-16T13:08:38","modified_gmt":"2018-08-16T17:08:38","slug":"faremos-o-que-e-certo-diz-barroso-sobre-registro-de-lula","status":"publish","type":"post","link":"https:\/\/www.corumbaonline.com.br\/news\/faremos-o-que-e-certo-diz-barroso-sobre-registro-de-lula\/","title":{"rendered":"\u201cFaremos o que \u00e9 certo\u201d, diz Barroso sobre registro de Lula"},"content":{"rendered":"<p>O vice-presidente do Tribunal Superior Eleitoral (TSE), ministro Lu\u00eds Roberto Barroso, relator do registro de candidatura do ex-presidente Luiz In\u00e1cio Lula da Silva, disse hoje (16) que \u201cfaremos o que \u00e9 certo\u201d ao ser questionado sobre o encaminhamento do processo.<\/p>\n<p>Na quarta-feira (15), poucas horas depois de o PT entrar com o pedido de registro da candidatura de Lula \u00e0 Presid\u00eancia da Rep\u00fablica, o Minist\u00e9rio P\u00fablico Eleitoral (MPE) protocolou uma impugna\u00e7\u00e3o (questionamento), argumentando que o ex-presidente n\u00e3o \u00e9 eleg\u00edvel, de acordo com os crit\u00e9rios da Lei da Ficha Limpa.\u00a0<a href=\"http:\/\/agenciabrasil.ebc.com.br\/politica\/noticia\/2018-08\/pgr-contesta-candidatura-de-lula-presidencia\">A quest\u00e3o deve ser analisada por Barroso<\/a>.<\/p>\n<p>Outras duas impugna\u00e7\u00f5es, movidas pelos candidatos a deputado federal Alexandre Frota (PSL) e Kim Kataguiri (DEM), tamb\u00e9m foram protocoladas na tarde de quarta-feira (15), mas antes de o pedido de registro de Lula ter sido inclu\u00eddo no sistema do TSE. Assim, tais questionamentos acabaram sendo distribu\u00eddos a outro relator, o ministro Admar Gonzaga.<\/p>\n<p>Ainda nesta quarta-feira (15), o PT entrou com uma peti\u00e7\u00e3o nas impugna\u00e7\u00f5es de Frota e Kataguiri, colocando em d\u00favida o fato de terem sido distribu\u00eddas a Gonzaga. Segundo nota divulgada pelos advogados do partido, a peti\u00e7\u00e3o foi feita \u201ccom o \u00fanico objetivo de evitar eventuais nulidades\u201d, devido ao ministro n\u00e3o ser o relator do registro de Lula.<\/p>\n<p>&#8220;\u00c9 uma d\u00favida leg\u00edtima pois queremos nos manifestar no processo e n\u00e3o sabemos a qual ministro nos dirigir&#8221;, disse o advogado de Lula no TSE, Luiz Fernando Casagrande Pereira, que compareceu nesta quinta-feira (16) \u00e0 Corte Eleitoral e conversou com o ministro Roberto Barroso.<\/p>\n<p>Questionado sobre a dupla relatoria, Barroso reafirmou que \u201co que \u00e9 certo\u201d ser\u00e1 feito para dirimir todas as quest\u00f5es, que devem ser encaminhadas para delibera\u00e7\u00e3o da presidente do TSE, ministra Rosa Weber.<\/p>\n<p>O ministro pode decidir de modo monocr\u00e1tico e liminar (individual e provis\u00f3rio) se defere ou n\u00e3o o registro de Lula, mas o mais prov\u00e1vel, devido \u00e0 relev\u00e2ncia do tema, \u00e9 que o processo seja levado diretamente para vota\u00e7\u00e3o no plen\u00e1rio do TSE.<\/p>\n<p>As declara\u00e7\u00f5es de Barroso foram dadas ap\u00f3s a posse do ministro Edson Fachin, relator da Lava Jato no Supremo Tribunal Federal (STF), como ministro titular do TSE, em substitui\u00e7\u00e3o ao ministro Luiz Fux, que encerrou seu mandato na Justi\u00e7a Eleitoral.<\/p>\n<p>O TSE \u00e9 composto por sete ministros titulares, sendo tr\u00eas do STF, dois do Superior Tribunal de Justi\u00e7a (STJ) e dois membros da advocacia. Fachin j\u00e1 integrava a Justi\u00e7a Eleitoral como ministro substituto, passando agora a efetivo.<\/p>\n","protected":false},"excerpt":{"rendered":"<p>O vice-presidente do Tribunal Superior Eleitoral (TSE), ministro Lu\u00eds Roberto Barroso, relator do registro de&#8230;<\/p>\n","protected":false},"author":1,"featured_media":0,"comment_status":"closed","ping_status":"closed","sticky":false,"template":"","format":"standard","meta":{"footnotes":""},"categories":[101,19],"tags":[],"class_list":["post-21463","post","type-post","status-publish","format-standard","hentry","category-eleicoes","category-politica"],"_links":{"self":[{"href":"https:\/\/www.corumbaonline.com.br\/news\/wp-json\/wp\/v2\/posts\/21463","targetHints":{"allow":["GET"]}}],"collection":[{"href":"https:\/\/www.corumbaonline.com.br\/news\/wp-json\/wp\/v2\/posts"}],"about":[{"href":"https:\/\/www.corumbaonline.com.br\/news\/wp-json\/wp\/v2\/types\/post"}],"author":[{"embeddable":true,"href":"https:\/\/www.corumbaonline.com.br\/news\/wp-json\/wp\/v2\/users\/1"}],"replies":[{"embeddable":true,"href":"https:\/\/www.corumbaonline.com.br\/news\/wp-json\/wp\/v2\/comments?post=21463"}],"version-history":[{"count":1,"href":"https:\/\/www.corumbaonline.com.br\/news\/wp-json\/wp\/v2\/posts\/21463\/revisions"}],"predecessor-version":[{"id":21464,"href":"https:\/\/www.corumbaonline.com.br\/news\/wp-json\/wp\/v2\/posts\/21463\/revisions\/21464"}],"wp:attachment":[{"href":"https:\/\/www.corumbaonline.com.br\/news\/wp-json\/wp\/v2\/media?parent=21463"}],"wp:term":[{"taxonomy":"category","embeddable":true,"href":"https:\/\/www.corumbaonline.com.br\/news\/wp-json\/wp\/v2\/categories?post=21463"},{"taxonomy":"post_tag","embeddable":true,"href":"https:\/\/www.corumbaonline.com.br\/news\/wp-json\/wp\/v2\/tags?post=21463"}],"curies":[{"name":"wp","href":"https:\/\/api.w.org\/{rel}","templated":true}]}}