{"id":21478,"date":"2018-08-16T16:30:22","date_gmt":"2018-08-16T20:30:22","guid":{"rendered":"http:\/\/www.corumbaonline.com.br\/news\/?p=21478"},"modified":"2018-08-16T17:32:20","modified_gmt":"2018-08-16T21:32:20","slug":"ifms-abertas-matriculas-para-especializacao-em-quatro-municipios","status":"publish","type":"post","link":"https:\/\/www.corumbaonline.com.br\/news\/ifms-abertas-matriculas-para-especializacao-em-quatro-municipios\/","title":{"rendered":"IFMS: Abertas matr\u00edculas para especializa\u00e7\u00e3o em quatro munic\u00edpios"},"content":{"rendered":"<p>O Instituto Federal de Mato Grosso do Sul (IFMS) est\u00e1 com matr\u00edculas abertas para os selecionados na especializa\u00e7\u00e3o em Doc\u00eancia para Educa\u00e7\u00e3o Profissional, Cient\u00edfica e Tecnol\u00f3gica. Foram ofertadas 155 vagas nos campi Corumb\u00e1, Dourados, Jardim e Ponta Por\u00e3.<\/p>\n<p>O resultado final e a lista de espera est\u00e3o publicados na\u00a0<a class=\"external-link\" title=\"Central de Sele\u00e7\u00e3o\" href=\"http:\/\/selecao.ifms.edu.br\/perfil\/outras\/especializacao-em-docencia-para-a-educacao-profissional-cientifica-e-tecnologica-edital-049-2018\" target=\"_blank\" rel=\"noopener noreferrer\">Central de Sele\u00e7\u00e3o<\/a>.<\/p>\n<p>As matr\u00edculas devem ser feitas at\u00e9 ter\u00e7a-feira, 21, sendo que n\u00e3o haver\u00e1 atendimento no final de semana. O selecionado deve procurar a Central de Relacionamento (Cerel) do campus em que concorreu a vaga nos hor\u00e1rios definidos no edital.<\/p>\n<p><strong>Documenta\u00e7\u00e3o<\/strong>\u00a0\u2013\u00a0Devem ser apresentados o requerimento de matr\u00edcula preenchido e assinado, uma foto 3&#215;4 e a declara\u00e7\u00e3o de comprova\u00e7\u00e3o de atual exerc\u00edcio na profiss\u00e3o docente na educa\u00e7\u00e3o profissional t\u00e9cnica de n\u00edvel m\u00e9dio ou comprovante de aprova\u00e7\u00e3o em concurso p\u00fablico para exerc\u00edcio da doc\u00eancia (para os candidatos que queiram equival\u00eancia \u00e0 licenciatura).<\/p>\n<p>Tamb\u00e9m s\u00e3o necess\u00e1rios o diploma de gradua\u00e7\u00e3o, certid\u00e3o de nascimento ou casamento, documento oficial de identifica\u00e7\u00e3o com foto e CPF. A documenta\u00e7\u00e3o para a realiza\u00e7\u00e3o da matr\u00edcula dever\u00e1 ser apresentada em duas vias, com originais e c\u00f3pias para a confer\u00eancia e autentica\u00e7\u00e3o no local.<\/p>\n<p><strong>Demais chamadas<\/strong>\u00a0&#8211; Caso haja desist\u00eancias de vagas at\u00e9 a segunda semana ap\u00f3s o in\u00edcio das aulas, ser\u00e3o convocados os candidatos da lista de espera, at\u00e9 o preenchimento do n\u00famero de vagas ofertadas.<\/p>\n<p>As aulas t\u00eam in\u00edcio no dia 22 de agosto, de acordo com o calend\u00e1rio da especializa\u00e7\u00e3o em cada campus.<\/p>\n<p><strong>Locais e hor\u00e1rios de matr\u00edcula<\/strong><\/p>\n<table class=\"plain\">\n<tbody>\n<tr>\n<td><strong>Campus<\/strong><\/td>\n<td><strong>Endere\u00e7o<\/strong><\/td>\n<td><strong>Hor\u00e1rio de atendimento<\/strong><\/td>\n<\/tr>\n<tr>\n<td>Corumb\u00e1<\/td>\n<td>Rua Pedro de Medeiros, s\/n\u00ba<\/td>\n<td>08h \u00e0s 11h<br \/>\n14h \u00e0s 17h<br \/>\n19h \u00e0s 20h<\/td>\n<\/tr>\n<tr>\n<td>Dourados<\/td>\n<td>Rua Filinto M\u00fcller, 1.790, Jardim Cana\u00e3 I<\/td>\n<td>08h \u00e0s 20h<\/td>\n<\/tr>\n<tr>\n<td>Jardim<\/td>\n<td>Rodovia BR-060, s\/n\u00ba, Fazenda Jardim S\u00e3o Francisco<\/td>\n<td>13h \u00e0s 17h<\/td>\n<\/tr>\n<tr>\n<td>Ponta Por\u00e3<\/td>\n<td>Rodovia BR-463, Km 14, s\/n\u00ba<\/td>\n<td>14h \u00e0s 17h45<br \/>\n18h45 \u00e0s 21h<\/td>\n<\/tr>\n<\/tbody>\n<\/table>\n","protected":false},"excerpt":{"rendered":"<p>O Instituto Federal de Mato Grosso do Sul (IFMS) est\u00e1 com matr\u00edculas abertas para os&#8230;<\/p>\n","protected":false},"author":1,"featured_media":0,"comment_status":"closed","ping_status":"closed","sticky":false,"template":"","format":"standard","meta":{"footnotes":""},"categories":[10],"tags":[],"class_list":["post-21478","post","type-post","status-publish","format-standard","hentry","category-educacao"],"_links":{"self":[{"href":"https:\/\/www.corumbaonline.com.br\/news\/wp-json\/wp\/v2\/posts\/21478","targetHints":{"allow":["GET"]}}],"collection":[{"href":"https:\/\/www.corumbaonline.com.br\/news\/wp-json\/wp\/v2\/posts"}],"about":[{"href":"https:\/\/www.corumbaonline.com.br\/news\/wp-json\/wp\/v2\/types\/post"}],"author":[{"embeddable":true,"href":"https:\/\/www.corumbaonline.com.br\/news\/wp-json\/wp\/v2\/users\/1"}],"replies":[{"embeddable":true,"href":"https:\/\/www.corumbaonline.com.br\/news\/wp-json\/wp\/v2\/comments?post=21478"}],"version-history":[{"count":1,"href":"https:\/\/www.corumbaonline.com.br\/news\/wp-json\/wp\/v2\/posts\/21478\/revisions"}],"predecessor-version":[{"id":21479,"href":"https:\/\/www.corumbaonline.com.br\/news\/wp-json\/wp\/v2\/posts\/21478\/revisions\/21479"}],"wp:attachment":[{"href":"https:\/\/www.corumbaonline.com.br\/news\/wp-json\/wp\/v2\/media?parent=21478"}],"wp:term":[{"taxonomy":"category","embeddable":true,"href":"https:\/\/www.corumbaonline.com.br\/news\/wp-json\/wp\/v2\/categories?post=21478"},{"taxonomy":"post_tag","embeddable":true,"href":"https:\/\/www.corumbaonline.com.br\/news\/wp-json\/wp\/v2\/tags?post=21478"}],"curies":[{"name":"wp","href":"https:\/\/api.w.org\/{rel}","templated":true}]}}