{"id":21485,"date":"2018-08-16T15:28:04","date_gmt":"2018-08-16T19:28:04","guid":{"rendered":"http:\/\/www.corumbaonline.com.br\/news\/?p=21485"},"modified":"2018-08-16T17:44:52","modified_gmt":"2018-08-16T21:44:52","slug":"bolsonaro-contesta-candidatura-de-lula-no-tse","status":"publish","type":"post","link":"https:\/\/www.corumbaonline.com.br\/news\/bolsonaro-contesta-candidatura-de-lula-no-tse\/","title":{"rendered":"Bolsonaro contesta candidatura de Lula no TSE"},"content":{"rendered":"<p>O deputado Jair Bolsonaro (PSL-RJ), um dos 13 candidatos \u00e0 Presid\u00eancia da Rep\u00fablica, entrou\u00a0<span id=\"OBJ_PREFIX_DWT119_com_zimbra_date\">hoje<\/span>\u00a0(16) com o\u00a0<span id=\"OBJ_PREFIX_DWT120_com_zimbra_date\">sexto pedido de<\/span>\u00a0impugna\u00e7\u00e3o (questionamento) do registro de candidatura de Luiz In\u00e1cio Lula da Silva (PT-SP) ao cargo, alegando que o ex-presidente ineleg\u00edvel.<\/p>\n<p>No pedido, os advogados Tiago Ayres, Gustavo Bebianno Rocha e Andr\u00e9 Castro, que representam Bolsonaro e a coliga\u00e7\u00e3o Brasil Acima de Tudo, Deus Acima de Todos, detalham o processo que levou \u00e0 condena\u00e7\u00e3o de Lula no caso do tr\u00edplex do Guaruj\u00e1 (SP) e afirmam que, em decorr\u00eancia disso, o ex-presidente \u00e9 ineleg\u00edvel. \u201cIsso porque restou comprovado que o ex-presidente da Rep\u00fablica participou de um grande esquema de corrup\u00e7\u00e3o\u201d, diz o texto.<\/p>\n<p>Os advogados argumentam ainda o entendimento atual do STF, segundo o qual a pena pode ser executada ap\u00f3s condena\u00e7\u00e3o em\u00a0<span id=\"OBJ_PREFIX_DWT121_com_zimbra_date\">segunda<\/span>\u00a0inst\u00e2ncia, que levou \u00e0 pris\u00e3o de Lula, tamb\u00e9m deve ser aplicado \u00e0 restri\u00e7\u00e3o dos direitos pol\u00edticos do ex-presidente.<\/p>\n<p>O registro de candidatura de Lula j\u00e1 foi questionado pela procuradora-geral da Rep\u00fablica, Raquel Dodge. Caber\u00e1 ao ministro Lu\u00eds Roberto Barroso decidir sobre os pedidos de impugna\u00e7\u00e3o.\u00a0<span id=\"OBJ_PREFIX_DWT122_com_zimbra_date\">Hoje<\/span>, ao ser questionado sobre o assunto, o ministro afirmou que far\u00e1 \u201co que \u00e9 certo\u201d.<\/p>\n<p>Barroso pode decidir de modo monocr\u00e1tico e liminar (individual e provis\u00f3rio) sobre o deferimento do registro de candidatura de Lula, mas o mais prov\u00e1vel \u00e9 que o processo seja julgado diretamente no plen\u00e1rio do TSE.<\/p>\n<p>O registro da candidatura de Lula tamb\u00e9m foi contestado por dois candidatos a deputado federal, Kim Kataguiri (DEM-SP) e Alexandre Frota (PSL-SP), e por dois cidad\u00e3os que n\u00e3o concorrem \u00e0s elei\u00e7\u00f5es. Esses pedidos de impugna\u00e7\u00e3o foram distribu\u00eddas ao ministro do TSE Admar Gonzaga.<\/p>\n<p>O PT pediu a Barroso que esclare\u00e7a a quem cabe a relatoria das impugna\u00e7\u00f5es, e o ministro enviou o questionamento \u00e0 presidente do TSE, ministra Rosa Weber, que deve pacificar a quem caber\u00e1 decidir.<\/p>\n<p><strong>Condena\u00e7\u00e3o<\/strong><\/p>\n<p>Lula est\u00e1 preso desde\u00a0<span id=\"OBJ_PREFIX_DWT123_com_zimbra_date\">7 de abril<\/span>\u00a0na Superintend\u00eancia da Pol\u00edcia Federal, em Curitiba. Ele foi condenado, no caso do tr\u00edplex do Guaruj\u00e1 (SP), por corrup\u00e7\u00e3o e lavagem de dinheiro a 12 anos e um m\u00eas de pris\u00e3o pelo Tribunal Regional Federal da 4\u00aa Regi\u00e3o (TRF4),\u00a0<span id=\"OBJ_PREFIX_DWT124_com_zimbra_date\">segunda<\/span>\u00a0inst\u00e2ncia da Justi\u00e7a Federal.<\/p>\n<p>Com a condena\u00e7\u00e3o em\u00a0<span id=\"OBJ_PREFIX_DWT125_com_zimbra_date\">segunda<\/span>\u00a0inst\u00e2ncia, Lula pode ser enquadrado nos crit\u00e9rios de inelegibilidade da Lei da Ficha Limpa. O ex-presidente nega ser propriet\u00e1rio do tr\u00edplex no Guaruj\u00e1 e pretende reverter a condena\u00e7\u00e3o no Superior Tribunal de Justi\u00e7a (STJ) e no Supremo Tribunal Federal (STF).<\/p>\n<p>Os advogados do ex-presidente querem que os recursos \u00e0s inst\u00e2ncias superiores tenham efeito suspensivo sobre a condena\u00e7\u00e3o, o que garantiria a Lula o direito de recorrer em liberdade e tamb\u00e9m de disputar as elei\u00e7\u00f5es.<\/p>\n","protected":false},"excerpt":{"rendered":"<p>O deputado Jair Bolsonaro (PSL-RJ), um dos 13 candidatos \u00e0 Presid\u00eancia da Rep\u00fablica, entrou\u00a0hoje\u00a0(16) com&#8230;<\/p>\n","protected":false},"author":1,"featured_media":0,"comment_status":"closed","ping_status":"closed","sticky":false,"template":"","format":"standard","meta":{"footnotes":""},"categories":[101,19],"tags":[],"class_list":["post-21485","post","type-post","status-publish","format-standard","hentry","category-eleicoes","category-politica"],"_links":{"self":[{"href":"https:\/\/www.corumbaonline.com.br\/news\/wp-json\/wp\/v2\/posts\/21485","targetHints":{"allow":["GET"]}}],"collection":[{"href":"https:\/\/www.corumbaonline.com.br\/news\/wp-json\/wp\/v2\/posts"}],"about":[{"href":"https:\/\/www.corumbaonline.com.br\/news\/wp-json\/wp\/v2\/types\/post"}],"author":[{"embeddable":true,"href":"https:\/\/www.corumbaonline.com.br\/news\/wp-json\/wp\/v2\/users\/1"}],"replies":[{"embeddable":true,"href":"https:\/\/www.corumbaonline.com.br\/news\/wp-json\/wp\/v2\/comments?post=21485"}],"version-history":[{"count":1,"href":"https:\/\/www.corumbaonline.com.br\/news\/wp-json\/wp\/v2\/posts\/21485\/revisions"}],"predecessor-version":[{"id":21486,"href":"https:\/\/www.corumbaonline.com.br\/news\/wp-json\/wp\/v2\/posts\/21485\/revisions\/21486"}],"wp:attachment":[{"href":"https:\/\/www.corumbaonline.com.br\/news\/wp-json\/wp\/v2\/media?parent=21485"}],"wp:term":[{"taxonomy":"category","embeddable":true,"href":"https:\/\/www.corumbaonline.com.br\/news\/wp-json\/wp\/v2\/categories?post=21485"},{"taxonomy":"post_tag","embeddable":true,"href":"https:\/\/www.corumbaonline.com.br\/news\/wp-json\/wp\/v2\/tags?post=21485"}],"curies":[{"name":"wp","href":"https:\/\/api.w.org\/{rel}","templated":true}]}}