{"id":21510,"date":"2018-08-17T09:12:38","date_gmt":"2018-08-17T13:12:38","guid":{"rendered":"http:\/\/www.corumbaonline.com.br\/news\/?p=21510"},"modified":"2018-08-17T08:55:32","modified_gmt":"2018-08-17T12:55:32","slug":"camara-de-vereadores-comemora-146-anos-de-instalacao-a-quarta-mais-antiga-do-brasil","status":"publish","type":"post","link":"https:\/\/www.corumbaonline.com.br\/news\/camara-de-vereadores-comemora-146-anos-de-instalacao-a-quarta-mais-antiga-do-brasil\/","title":{"rendered":"C\u00e2mara de Vereadores comemora 146 anos de instala\u00e7\u00e3o, a quarta mais antiga do Brasil"},"content":{"rendered":"<p><span style=\"color: #000000;\">A C\u00e2mara Municipal de Corumb\u00e1 celebra nesta sexta-feira, 17 de agosto, 146 anos de instala\u00e7\u00e3o. \u00c9 a quarta mais antiga do Brasil. O ato de cria\u00e7\u00e3o foi assinado pelo ent\u00e3o governador da prov\u00edncia de Mato Grosso, Herculano Ferreira Penna, em 1872, ap\u00f3s a guerra contra o Paraguai (1864 a 1870) que deixou a fronteira oeste sob dom\u00ednio inimigo por tr\u00eas anos, at\u00e9 ser retomada pelas for\u00e7as militares comandada pelo tenente-coronel Ant\u00f4nio Maria Coelho.<\/span><\/p>\n<p><span style=\"color: #000000;\">Na instala\u00e7\u00e3o do Poder Legislativo corumbaense, uma junta especial elegeu Jos\u00e9 Joaquim de Souza Franco como primeiro presidente. Um ano depois, Joaquim Jos\u00e9 Gomes da Silva, o Bar\u00e3o de Vila Maria, assumiu o cargo temporariamente. Ele foi presidente tamb\u00e9m nos anos de 1874 e 1876 e, hoje, a C\u00e2mara de Corumb\u00e1 leva o seu nome, a Casa do Bar\u00e3o de Vila Maria.<\/span><\/p>\n<p><span style=\"color: #000000;\">Toda essa hist\u00f3ria est\u00e1 sendo alvo de um intenso trabalho para recuperar o acervo hist\u00f3rico e cultural da Casa do Bar\u00e3o de Vila Maria. Ali\u00e1s, foi justamente ele, o fazendeiro Joaquim Jos\u00e9 Gomes da Silva, um dos primeiros coron\u00e9is a presidir a C\u00e2mara.<\/span><\/p>\n<p><span style=\"color: #000000;\">J\u00e1 era conhecido como Bar\u00e3o de Vila Maria, t\u00edtulo dado pelo Imp\u00e9rio em 1862. Ele era um influente pol\u00edtico filiado ao Partido Conservador que se envolveu na guerra contra o Paraguai.<\/span><\/p>\n<p><span style=\"color: #000000;\">O quarto Poder Legislativo instalado no Brasil j\u00e1 foi presidido por militares de v\u00e1rias patentes. Eles comandaram at\u00e9 os anos 20, per\u00edodo de acirrada disputa pol\u00edtica com Cuiab\u00e1 por interesses da burguesia instalada nesse sert\u00e3o cosmopolita. Os maiores confrontos foram protagonizados pelo Generoso Ponce, senador, coronel e dono de jornais, e a aristocracia cuiabana por Murtinho e pelos Corr\u00eaa da Costa.<\/span><\/p>\n<p><span style=\"color: #000000;\">Em 1900, cinco vereadores assumiram interinamente o cargo. Ap\u00f3s a 2\u00aa guerra mundial, a C\u00e2mara Municipal teve 35 presidentes, entre os quais uma mulher, a professora Terezinha Baruki.<\/span><\/p>\n<p><span style=\"color: #000000;\">Dentre as grandes celebridades do mundo pol\u00edtico que tem registros em seus anuais, destaca-se o ex-presidente dos Estados Unidos Theodoro Roosevelt, cuja passagem por Corumb\u00e1, em 15 de dezembro de 1913, foi comemorada com uma sess\u00e3o extraordin\u00e1ria da C\u00e2mara. Presente ao ato o sertanista C\u00e2ndido Rondon.<\/span><\/p>\n<p><span style=\"color: #000000;\">A C\u00e2mara hoje<\/span><\/p>\n<p><span style=\"color: #000000;\">Na atual legislatura, a C\u00e2mara conta com 15 vereadores: Evander Jos\u00e9 Vendramini Duran, presidente; Adelar Chefer dos Santos (Ga\u00facho da Pr\u00f3-Art), primeiro vice; Yussef Mohamad El Salla, segundo vice; Manoel Rodrigues Pereira Neto, segundo Secret\u00e1rio; Ubiratan Canhete de Campos (Bira); Irailton Oliveira Santana (Baianinho); Andr\u00e9 Luiz Pereira Fernandes (Andr\u00e9 da Farm\u00e1cia); Domingos Albaneze Neto (Dr. Domingos); Jos\u00e9 Tadeu Vieira Pereira (Tadeu Vieira); Gabriel Alves de Oliveira; Lu\u00eds Francisco de Almeida Vianna (Chic\u00e3o Vianna); Paulo Constante Bertini (Bertini); Roberto Gomes Fa\u00e7anha; Crist\u00f3v\u00e3o Rodrigues dos Santos (Crist\u00f3v\u00e3o Contador), e Carlos Alberto Machado.<\/span><\/p>\n<p><span style=\"color: #000000;\">Tr\u00eas est\u00e3o licenciados: Mohamad Abdallah, Ant\u00f4nio Rufo Vinagre e Luciano Costa. Eles est\u00e3o \u00e1 frente de tr\u00eas pastas importantes do Poder Executivo: Agricultura Familiar, Turismo e de Desenvolvimento Econ\u00f4mico e Sustent\u00e1vel, respectivamente.<\/span><\/p>\n","protected":false},"excerpt":{"rendered":"<p>A C\u00e2mara Municipal de Corumb\u00e1 celebra nesta sexta-feira, 17 de agosto, 146 anos de instala\u00e7\u00e3o&#8230;.<\/p>\n","protected":false},"author":1,"featured_media":21511,"comment_status":"closed","ping_status":"closed","sticky":false,"template":"","format":"standard","meta":{"footnotes":""},"categories":[8,19],"tags":[],"class_list":["post-21510","post","type-post","status-publish","format-standard","has-post-thumbnail","hentry","category-destaque","category-politica"],"_links":{"self":[{"href":"https:\/\/www.corumbaonline.com.br\/news\/wp-json\/wp\/v2\/posts\/21510","targetHints":{"allow":["GET"]}}],"collection":[{"href":"https:\/\/www.corumbaonline.com.br\/news\/wp-json\/wp\/v2\/posts"}],"about":[{"href":"https:\/\/www.corumbaonline.com.br\/news\/wp-json\/wp\/v2\/types\/post"}],"author":[{"embeddable":true,"href":"https:\/\/www.corumbaonline.com.br\/news\/wp-json\/wp\/v2\/users\/1"}],"replies":[{"embeddable":true,"href":"https:\/\/www.corumbaonline.com.br\/news\/wp-json\/wp\/v2\/comments?post=21510"}],"version-history":[{"count":1,"href":"https:\/\/www.corumbaonline.com.br\/news\/wp-json\/wp\/v2\/posts\/21510\/revisions"}],"predecessor-version":[{"id":21512,"href":"https:\/\/www.corumbaonline.com.br\/news\/wp-json\/wp\/v2\/posts\/21510\/revisions\/21512"}],"wp:featuredmedia":[{"embeddable":true,"href":"https:\/\/www.corumbaonline.com.br\/news\/wp-json\/wp\/v2\/media\/21511"}],"wp:attachment":[{"href":"https:\/\/www.corumbaonline.com.br\/news\/wp-json\/wp\/v2\/media?parent=21510"}],"wp:term":[{"taxonomy":"category","embeddable":true,"href":"https:\/\/www.corumbaonline.com.br\/news\/wp-json\/wp\/v2\/categories?post=21510"},{"taxonomy":"post_tag","embeddable":true,"href":"https:\/\/www.corumbaonline.com.br\/news\/wp-json\/wp\/v2\/tags?post=21510"}],"curies":[{"name":"wp","href":"https:\/\/api.w.org\/{rel}","templated":true}]}}