{"id":21534,"date":"2018-08-17T11:18:14","date_gmt":"2018-08-17T15:18:14","guid":{"rendered":"http:\/\/www.corumbaonline.com.br\/news\/?p=21534"},"modified":"2018-08-17T11:37:26","modified_gmt":"2018-08-17T15:37:26","slug":"municipio-entrega-pavimentacao-de-alamedas-na-regiao-do-morro-da-carlinda","status":"publish","type":"post","link":"https:\/\/www.corumbaonline.com.br\/news\/municipio-entrega-pavimentacao-de-alamedas-na-regiao-do-morro-da-carlinda\/","title":{"rendered":"Munic\u00edpio entrega pavimenta\u00e7\u00e3o de alamedas na regi\u00e3o do Morro da Carlinda"},"content":{"rendered":"<p>O prefeito Marcelo Iunes vistoriou as obras, j\u00e1 conclu\u00eddas, de pavimenta\u00e7\u00e3o com lajotas em alamedas na regi\u00e3o do Morro da Carlinda, no bairro Nossa Senhora de F\u00e1tima, na quinta-feira, 16 de agosto. Os servi\u00e7os foram executados com recursos pr\u00f3prios da Prefeitura de Corumb\u00e1 e conclu\u00eddas h\u00e1 cerca de sessenta dias.<\/p>\n<p>&nbsp;<\/p>\n<p>Iunes esteve na mesma localidade em<a href=\"http:\/\/www.corumba.ms.gov.br\/noticias\/municipio-retoma-servico-de-pavimentacao-de-alamedas-com-recursos-proprios\/21797\/\">\u00a0janeiro deste ano, quando deu a ordem para a execu\u00e7\u00e3o das obras<\/a>. \u201cEssa foi uma das primeiras obras anunciadas por nossa administra\u00e7\u00e3o, s\u00e3o a\u00e7\u00f5es referentes a antigas reivindica\u00e7\u00f5es. J\u00e1 t\u00ednhamos debatido a situa\u00e7\u00e3o com os moradores\u201d, disse o chefe do Executivo corumbaense informando que foi executado o lajotamento das alamedas S\u00e3o Sebasti\u00e3o; Vasco da Gama; Interna (S\u00e3o Francisco); General Os\u00f3rio e tamb\u00e9m um trecho da rua 7 de Setembro.<\/p>\n<p>&nbsp;<\/p>\n<p>\u201cUsamos recursos pr\u00f3prios nessas a\u00e7\u00f5es. Teremos ainda mais 30 quadras para lajotamento e vamos abrir licita\u00e7\u00e3o em setembro, para no mais tardar, no final daquele m\u00eas darmos a ordem de servi\u00e7o\u201d, afirmou o prefeito ao informar que esse servi\u00e7o ser\u00e1 inclu\u00eddo nas a\u00e7\u00f5es executadas com recursos do financiamento do Fonplata.<\/p>\n<p>&nbsp;<\/p>\n<p>Iunes antecipou que o Munic\u00edpio trabalha detalhes finais no servi\u00e7o das alamedas e planeja implanta\u00e7\u00e3o de sinaliza\u00e7\u00e3o vertical de tr\u00e2nsito e redutor de velocidade porque aumentou o fluxo de ve\u00edculos vias recentemente pavimentadas.<\/p>\n<p>&nbsp;<\/p>\n<p>Morador h\u00e1 quase 40 anos na alameda S\u00e3o Sebasti\u00e3o, Lu\u00eds Anast\u00e1cio de Barros, destacou a import\u00e2ncia da pavimenta\u00e7\u00e3o. \u201cQuando chovia a \u00e1gua ficava empo\u00e7ada; agora n\u00e3o. Deu outro aspecto e valorizou nossa regi\u00e3o, foi muito importante, uma ben\u00e7\u00e3o\u201d, declarou.<\/p>\n<p>&nbsp;<\/p>\n<p>\u201cFicou muito melhor. Agora acabou o lama\u00e7al e ficou 100% para a gente\u201d, disse Celso Aparecido Brand\u00e3o, morador da alameda Interna (alameda S\u00e3o Francisco). Tamb\u00e9m ressaltou a melhoria, M\u00e1rio Dias da Silva, que mora na alameda Vasco da Gama. \u201cAntes era dif\u00edcil, quando chovia escorria \u00e1gua e a rua tinha muito buraco. Est\u00e1 bem melhor agora\u201d, disse.<\/p>\n","protected":false},"excerpt":{"rendered":"<p>O prefeito Marcelo Iunes vistoriou as obras, j\u00e1 conclu\u00eddas, de pavimenta\u00e7\u00e3o com lajotas em alamedas&#8230;<\/p>\n","protected":false},"author":1,"featured_media":21535,"comment_status":"closed","ping_status":"closed","sticky":false,"template":"","format":"standard","meta":{"footnotes":""},"categories":[19],"tags":[],"class_list":["post-21534","post","type-post","status-publish","format-standard","has-post-thumbnail","hentry","category-politica"],"_links":{"self":[{"href":"https:\/\/www.corumbaonline.com.br\/news\/wp-json\/wp\/v2\/posts\/21534","targetHints":{"allow":["GET"]}}],"collection":[{"href":"https:\/\/www.corumbaonline.com.br\/news\/wp-json\/wp\/v2\/posts"}],"about":[{"href":"https:\/\/www.corumbaonline.com.br\/news\/wp-json\/wp\/v2\/types\/post"}],"author":[{"embeddable":true,"href":"https:\/\/www.corumbaonline.com.br\/news\/wp-json\/wp\/v2\/users\/1"}],"replies":[{"embeddable":true,"href":"https:\/\/www.corumbaonline.com.br\/news\/wp-json\/wp\/v2\/comments?post=21534"}],"version-history":[{"count":1,"href":"https:\/\/www.corumbaonline.com.br\/news\/wp-json\/wp\/v2\/posts\/21534\/revisions"}],"predecessor-version":[{"id":21536,"href":"https:\/\/www.corumbaonline.com.br\/news\/wp-json\/wp\/v2\/posts\/21534\/revisions\/21536"}],"wp:featuredmedia":[{"embeddable":true,"href":"https:\/\/www.corumbaonline.com.br\/news\/wp-json\/wp\/v2\/media\/21535"}],"wp:attachment":[{"href":"https:\/\/www.corumbaonline.com.br\/news\/wp-json\/wp\/v2\/media?parent=21534"}],"wp:term":[{"taxonomy":"category","embeddable":true,"href":"https:\/\/www.corumbaonline.com.br\/news\/wp-json\/wp\/v2\/categories?post=21534"},{"taxonomy":"post_tag","embeddable":true,"href":"https:\/\/www.corumbaonline.com.br\/news\/wp-json\/wp\/v2\/tags?post=21534"}],"curies":[{"name":"wp","href":"https:\/\/api.w.org\/{rel}","templated":true}]}}