{"id":21537,"date":"2018-08-17T11:22:42","date_gmt":"2018-08-17T15:22:42","guid":{"rendered":"http:\/\/www.corumbaonline.com.br\/news\/?p=21537"},"modified":"2018-08-17T11:46:20","modified_gmt":"2018-08-17T15:46:20","slug":"sul-mato-grossense-morgana-rodrigues-ganha-batalha-e-avanca-no-the-voice","status":"publish","type":"post","link":"https:\/\/www.corumbaonline.com.br\/news\/sul-mato-grossense-morgana-rodrigues-ganha-batalha-e-avanca-no-the-voice\/","title":{"rendered":"Sul-mato-grossense Morgana Rodrigues ganha batalha e avan\u00e7a no The Voice"},"content":{"rendered":"<p>Cantando \u201cSaudade da Minha Terra\u201d, a sul-mato-grossense Morgana Rodrigues participou, na noite desta quinta-feira (16), da primeira batalha na participa\u00e7\u00e3o dela nesta edi\u00e7\u00e3o do The Voice Brasil. No time de Michel Tel\u00f3, ela cantou ao lado da participante Samara Souto e venceu.<\/p>\n<p>Esbanjando carisma e autenticidade desde a primeira apresenta\u00e7\u00e3o, na fase das audi\u00e7\u00f5es \u00e0s cegas, Morgana, que mora em Ponta Por\u00e3, arrancou elogios at\u00e9 dos outros t\u00e9cnicos.<\/p>\n<p>\u201cMorgana, voc\u00ea \u00e9 muito especial! Tem uma dramaticidade muito aut\u00eantica nisto que voc\u00ea faz. Eu percebi que ao longo do n\u00famero o f\u00f4lego come\u00e7ou a faltar um pouco, porque \u00e9 muita palavra, \u00e9 muita divis\u00e3o [\u2026], mas eu achei impressionante o jeito que voc\u00ea retomou o f\u00f4lego que voc\u00ea tinha pra dar exatamente a nota que voc\u00ea queria\u201d, comentou Lulu Santos.<\/p>\n<p>Depois foi a vez do t\u00e9cnico do time, Michel Tel\u00f3, fazer as observa\u00e7\u00f5es. \u201cA Morgana \u00e9 uma figura\u00e7a. Desde o primeiro dia, anunciou, ela j\u00e1 chega sapateando, chegou pulando. Ela \u00e9 tipo a Ivete, s\u00f3 que de chap\u00e9u e cinto\u201d, disse.<\/p>\n<blockquote class=\"twitter-tweet\" data-lang=\"pt\">\n<p dir=\"ltr\" lang=\"pt\">Teve gente querendo colocar a participante do <a href=\"https:\/\/twitter.com\/hashtag\/TimeTel%C3%B3?src=hash&amp;ref_src=twsrc%5Etfw\">#TimeTel\u00f3<\/a> num potinho &#x1f643;<br \/>\nFofura de Morgana Rodrigues \u00e9 exaltada pelos f\u00e3s do <a href=\"https:\/\/twitter.com\/hashtag\/TheVoiceBrasil?src=hash&amp;ref_src=twsrc%5Etfw\">#TheVoiceBrasil<\/a> \u2192 <a href=\"https:\/\/t.co\/oHZT7JQpSw\">https:\/\/t.co\/oHZT7JQpSw<\/a> <a href=\"https:\/\/t.co\/bq8bB3chC4\">pic.twitter.com\/bq8bB3chC4<\/a><\/p>\n<p>\u2014 The Voice Brasil (@TheVoiceBrasil) <a href=\"https:\/\/twitter.com\/TheVoiceBrasil\/status\/1030446651125719040?ref_src=twsrc%5Etfw\">17 de agosto de 2018<\/a><\/p><\/blockquote>\n<p><script async src=\"https:\/\/platform.twitter.com\/widgets.js\" charset=\"utf-8\"><\/script><\/p>\n","protected":false},"excerpt":{"rendered":"<p>Cantando \u201cSaudade da Minha Terra\u201d, a sul-mato-grossense Morgana Rodrigues participou, na noite desta quinta-feira (16),&#8230;<\/p>\n","protected":false},"author":1,"featured_media":21538,"comment_status":"closed","ping_status":"closed","sticky":false,"template":"","format":"standard","meta":{"footnotes":""},"categories":[7],"tags":[],"class_list":["post-21537","post","type-post","status-publish","format-standard","has-post-thumbnail","hentry","category-cultura"],"_links":{"self":[{"href":"https:\/\/www.corumbaonline.com.br\/news\/wp-json\/wp\/v2\/posts\/21537","targetHints":{"allow":["GET"]}}],"collection":[{"href":"https:\/\/www.corumbaonline.com.br\/news\/wp-json\/wp\/v2\/posts"}],"about":[{"href":"https:\/\/www.corumbaonline.com.br\/news\/wp-json\/wp\/v2\/types\/post"}],"author":[{"embeddable":true,"href":"https:\/\/www.corumbaonline.com.br\/news\/wp-json\/wp\/v2\/users\/1"}],"replies":[{"embeddable":true,"href":"https:\/\/www.corumbaonline.com.br\/news\/wp-json\/wp\/v2\/comments?post=21537"}],"version-history":[{"count":2,"href":"https:\/\/www.corumbaonline.com.br\/news\/wp-json\/wp\/v2\/posts\/21537\/revisions"}],"predecessor-version":[{"id":21540,"href":"https:\/\/www.corumbaonline.com.br\/news\/wp-json\/wp\/v2\/posts\/21537\/revisions\/21540"}],"wp:featuredmedia":[{"embeddable":true,"href":"https:\/\/www.corumbaonline.com.br\/news\/wp-json\/wp\/v2\/media\/21538"}],"wp:attachment":[{"href":"https:\/\/www.corumbaonline.com.br\/news\/wp-json\/wp\/v2\/media?parent=21537"}],"wp:term":[{"taxonomy":"category","embeddable":true,"href":"https:\/\/www.corumbaonline.com.br\/news\/wp-json\/wp\/v2\/categories?post=21537"},{"taxonomy":"post_tag","embeddable":true,"href":"https:\/\/www.corumbaonline.com.br\/news\/wp-json\/wp\/v2\/tags?post=21537"}],"curies":[{"name":"wp","href":"https:\/\/api.w.org\/{rel}","templated":true}]}}