{"id":21546,"date":"2018-08-17T11:58:42","date_gmt":"2018-08-17T15:58:42","guid":{"rendered":"http:\/\/www.corumbaonline.com.br\/news\/?p=21546"},"modified":"2018-08-17T11:58:42","modified_gmt":"2018-08-17T15:58:42","slug":"advogado-pede-que-tse-barre-candidatura-de-jair-bolsonaro","status":"publish","type":"post","link":"https:\/\/www.corumbaonline.com.br\/news\/advogado-pede-que-tse-barre-candidatura-de-jair-bolsonaro\/","title":{"rendered":"Advogado pede que TSE barre candidatura de Jair Bolsonaro"},"content":{"rendered":"<p>Um advogado de Mangaratiba (RJ) entrou com um pedido no Tribunal Superior Eleitoral (TSE) para barrar o registro de candidatura de Jair Bolsonaro (PSL) \u00e0 Presid\u00eancia da Rep\u00fablica nas elei\u00e7\u00f5es 2018. O processo foi distribu\u00eddo ao ministro Napole\u00e3o Nunes Maia Filho, que tamb\u00e9m relata o registro de candidatura do presidenci\u00e1vel.<\/p>\n<p>Na a\u00e7\u00e3o de representa\u00e7\u00e3o, Rodrigo Phanardzis Ancora da Luz destaca que o deputado federal \u00e9 r\u00e9u em a\u00e7\u00e3o penal no Supremo Tribunal Federal (STF) por suposto crime de apologia ao estupro e inj\u00faria. O advogado diz que r\u00e9us em a\u00e7\u00e3o penal n\u00e3o podem ser candidatos \u00e0 Presid\u00eancia da Rep\u00fablica e cita dispositivo da Constitui\u00e7\u00e3o que prev\u00ea que o presidente ficar\u00e1 suspenso de suas fun\u00e7\u00f5es nas infra\u00e7\u00f5es penais comuns, se recebida a den\u00fancia ou queixa-crime pelo STF.<\/p>\n<p>Em uma das duas a\u00e7\u00f5es penais no STF, o candidato \u00e0 Presid\u00eancia \u00e9 r\u00e9u por inj\u00faria e apologia ao crime. A autora \u00e9 a deputada federal Maria do Ros\u00e1rio (PT-RS), sobre quem Bolsonaro declarou, em 2014, que &#8220;n\u00e3o estupraria a deputada porque ela n\u00e3o mereceria&#8221;. A outra den\u00fancia \u00e9 do Minist\u00e9rio P\u00fablico Federal (MPF), que enxerga, na conduta do deputado, incita\u00e7\u00e3o ao crime de estupro.<\/p>\n<p>Ao tentar barrar a candidatura de Bolsonaro no TSE, o advogado destaca entendimento do STF de que r\u00e9us na linha sucess\u00f3ria da Presid\u00eancia da Rep\u00fablica est\u00e3o impedidos de substituir o presidente. &#8220;Ora, sendo o candidato r\u00e9u numa a\u00e7\u00e3o penal, indaga-se como poder\u00e1 o mesmo exercer a fun\u00e7\u00e3o de Presidente da Rep\u00fablica?&#8221;, questiona.<\/p>\n<p>&#8220;Conclui-se que, em se tratando de candidato r\u00e9u em a\u00e7\u00e3o penal perante o STF, o mesmo n\u00e3o pode ser candidato ao cargo de presidente pois, na hip\u00f3tese de vir a ser eleito, n\u00e3o poder\u00e1 exercer a fun\u00e7\u00e3o de responder pelo Poder Executivo, precisando, portanto, ser indeferida desde j\u00e1 a sua candidatura&#8221;, afirma o advogado na peti\u00e7\u00e3o assinada nesta quarta-feira (15).<\/p>\n<p>A assessoria de Bolsonaro foi procurada, disse que n\u00e3o se manifestaria e pediu que a presid\u00eancia do PSL fosse procurada. A presid\u00eancia da sigla n\u00e3o foi localizada pela reportagem.<\/p>\n<p>O TSE prev\u00ea que podem impugnar registros de candidatura qualquer candidato, partido pol\u00edtico, coliga\u00e7\u00e3o ou o Minist\u00e9rio P\u00fablico. A resolu\u00e7\u00e3o da Corte tamb\u00e9m concede um prazo para &#8220;qualquer cidad\u00e3o no gozo de seus direitos pol\u00edticos dar ao ju\u00edzo eleitoral not\u00edcia de inelegibilidade que recaia em candidato com pedido de registro apresentado pelo partido pol\u00edtico ou pela coliga\u00e7\u00e3o&#8221;<\/p>\n<p>&nbsp;<\/p>\n","protected":false},"excerpt":{"rendered":"<p>Um advogado de Mangaratiba (RJ) entrou com um pedido no Tribunal Superior Eleitoral (TSE) para&#8230;<\/p>\n","protected":false},"author":1,"featured_media":0,"comment_status":"closed","ping_status":"closed","sticky":false,"template":"","format":"standard","meta":{"footnotes":""},"categories":[101,19],"tags":[],"class_list":["post-21546","post","type-post","status-publish","format-standard","hentry","category-eleicoes","category-politica"],"_links":{"self":[{"href":"https:\/\/www.corumbaonline.com.br\/news\/wp-json\/wp\/v2\/posts\/21546","targetHints":{"allow":["GET"]}}],"collection":[{"href":"https:\/\/www.corumbaonline.com.br\/news\/wp-json\/wp\/v2\/posts"}],"about":[{"href":"https:\/\/www.corumbaonline.com.br\/news\/wp-json\/wp\/v2\/types\/post"}],"author":[{"embeddable":true,"href":"https:\/\/www.corumbaonline.com.br\/news\/wp-json\/wp\/v2\/users\/1"}],"replies":[{"embeddable":true,"href":"https:\/\/www.corumbaonline.com.br\/news\/wp-json\/wp\/v2\/comments?post=21546"}],"version-history":[{"count":1,"href":"https:\/\/www.corumbaonline.com.br\/news\/wp-json\/wp\/v2\/posts\/21546\/revisions"}],"predecessor-version":[{"id":21547,"href":"https:\/\/www.corumbaonline.com.br\/news\/wp-json\/wp\/v2\/posts\/21546\/revisions\/21547"}],"wp:attachment":[{"href":"https:\/\/www.corumbaonline.com.br\/news\/wp-json\/wp\/v2\/media?parent=21546"}],"wp:term":[{"taxonomy":"category","embeddable":true,"href":"https:\/\/www.corumbaonline.com.br\/news\/wp-json\/wp\/v2\/categories?post=21546"},{"taxonomy":"post_tag","embeddable":true,"href":"https:\/\/www.corumbaonline.com.br\/news\/wp-json\/wp\/v2\/tags?post=21546"}],"curies":[{"name":"wp","href":"https:\/\/api.w.org\/{rel}","templated":true}]}}