{"id":21551,"date":"2018-08-17T14:00:55","date_gmt":"2018-08-17T18:00:55","guid":{"rendered":"http:\/\/www.corumbaonline.com.br\/news\/?p=21551"},"modified":"2018-08-17T12:02:36","modified_gmt":"2018-08-17T16:02:36","slug":"prefeitura-recebe-doacao-de-viaturas-da-prf-para-agetrat","status":"publish","type":"post","link":"https:\/\/www.corumbaonline.com.br\/news\/prefeitura-recebe-doacao-de-viaturas-da-prf-para-agetrat\/","title":{"rendered":"Prefeitura recebe doa\u00e7\u00e3o de viaturas da PRF para Agetrat"},"content":{"rendered":"<p>A Ag\u00eancia Municipal de Tr\u00e2nsito e Transporte (Agetrat) recebeu da Superintend\u00eancia da Pol\u00edcia Rodovi\u00e1ria Federal de Mato Grosso do Sul (PRF\/MS) a doa\u00e7\u00e3o de duas viaturas. \u00a0Os ve\u00edculos Renault Fluence e Fiat Linea \u2013 devidamente caracterizados com os s\u00edmbolos do munic\u00edpio \u2013 foram formalmente recebidos pelo prefeito Marcelo Iunes no final da tarde da quinta-feira, 16 de agosto.<\/p>\n<p>&nbsp;<\/p>\n<p>\u201cO prefeito Marcelo Iunes conseguiu junto \u00e0 Pol\u00edcia Rodovi\u00e1ria Federal a doa\u00e7\u00e3o dessas duas viaturas. Os ve\u00edculos v\u00e3o substituir viaturas e v\u00e3o atuar em aqui dentro da cidade, nas a\u00e7\u00f5es de tr\u00e2nsito, atendimento as ocorr\u00eancias sem v\u00edtimas e demais a\u00e7\u00f5es\u201d, explicou o diretor-executivo da Agetrat, Sicard Maciel de Barros. Ele tamb\u00e9m destacou os apoios do Comando Geral da Pol\u00edcia Militar de Mato Grosso do Sul na cess\u00e3o do guincho para trazer os ve\u00edculos para Corumb\u00e1 e do vereador Paulo Constante Bertini.<\/p>\n<p>&nbsp;<\/p>\n<p>Iunes destacou a parceria com a PRF e agradeceu ao superintendente Luiz Alexandre Gomes da Silva pelo apoio. \u201cEssas viaturas v\u00e3o ajudar a Agetrat nas a\u00e7\u00f5es de fiscaliza\u00e7\u00e3o de tr\u00e2nsito pela cidade. Agrade\u00e7o ao superintendente Luiz Alexandre pela doa\u00e7\u00e3o num momento de crise econ\u00f4mica do cen\u00e1rio nacional, que dificulta muitas a\u00e7\u00f5es\u201d, afirmou o chefe do Executivo Municipal.<\/p>\n<p>&nbsp;<\/p>\n<p><a href=\"http:\/\/www.corumba.ms.gov.br\/noticias\/prefeitura-e-prf-discutem-acordo-para-fiscalizacao-do-transito-em-rodovias-federais\/21923\/\">Em fevereiro deste ano, o prefeito manteve reuni\u00e3o com o superintendente da PRF\/MS<\/a>\u00a0e discutiu o fortalecimento da parceria entre as institui\u00e7\u00f5es. \u201c\u00c9 importante essa parceria com a Pol\u00edcia Rodovi\u00e1ria Federal e estamos trabalhando para formalizar novas parcerias com outras institui\u00e7\u00f5es\u201d, completou.<\/p>\n","protected":false},"excerpt":{"rendered":"<p>A Ag\u00eancia Municipal de Tr\u00e2nsito e Transporte (Agetrat) recebeu da Superintend\u00eancia da Pol\u00edcia Rodovi\u00e1ria Federal&#8230;<\/p>\n","protected":false},"author":1,"featured_media":21552,"comment_status":"closed","ping_status":"closed","sticky":false,"template":"","format":"standard","meta":{"footnotes":""},"categories":[14],"tags":[],"class_list":["post-21551","post","type-post","status-publish","format-standard","has-post-thumbnail","hentry","category-geral"],"_links":{"self":[{"href":"https:\/\/www.corumbaonline.com.br\/news\/wp-json\/wp\/v2\/posts\/21551","targetHints":{"allow":["GET"]}}],"collection":[{"href":"https:\/\/www.corumbaonline.com.br\/news\/wp-json\/wp\/v2\/posts"}],"about":[{"href":"https:\/\/www.corumbaonline.com.br\/news\/wp-json\/wp\/v2\/types\/post"}],"author":[{"embeddable":true,"href":"https:\/\/www.corumbaonline.com.br\/news\/wp-json\/wp\/v2\/users\/1"}],"replies":[{"embeddable":true,"href":"https:\/\/www.corumbaonline.com.br\/news\/wp-json\/wp\/v2\/comments?post=21551"}],"version-history":[{"count":1,"href":"https:\/\/www.corumbaonline.com.br\/news\/wp-json\/wp\/v2\/posts\/21551\/revisions"}],"predecessor-version":[{"id":21553,"href":"https:\/\/www.corumbaonline.com.br\/news\/wp-json\/wp\/v2\/posts\/21551\/revisions\/21553"}],"wp:featuredmedia":[{"embeddable":true,"href":"https:\/\/www.corumbaonline.com.br\/news\/wp-json\/wp\/v2\/media\/21552"}],"wp:attachment":[{"href":"https:\/\/www.corumbaonline.com.br\/news\/wp-json\/wp\/v2\/media?parent=21551"}],"wp:term":[{"taxonomy":"category","embeddable":true,"href":"https:\/\/www.corumbaonline.com.br\/news\/wp-json\/wp\/v2\/categories?post=21551"},{"taxonomy":"post_tag","embeddable":true,"href":"https:\/\/www.corumbaonline.com.br\/news\/wp-json\/wp\/v2\/tags?post=21551"}],"curies":[{"name":"wp","href":"https:\/\/api.w.org\/{rel}","templated":true}]}}