{"id":21556,"date":"2018-08-17T14:37:28","date_gmt":"2018-08-17T18:37:28","guid":{"rendered":"http:\/\/www.corumbaonline.com.br\/news\/?p=21556"},"modified":"2018-08-17T12:55:26","modified_gmt":"2018-08-17T16:55:26","slug":"tse-publica-registros-e-prazo-para-impugnar-candidaturas-e-aberto","status":"publish","type":"post","link":"https:\/\/www.corumbaonline.com.br\/news\/tse-publica-registros-e-prazo-para-impugnar-candidaturas-e-aberto\/","title":{"rendered":"TSE publica registros e prazo para impugnar candidaturas \u00e9 aberto"},"content":{"rendered":"<p>O\u00a0<em>Di\u00e1rio da Justi\u00e7a<\/em>\u00a0do Tribunal Superior Eleitoral (TSE) j\u00e1 publicou edital com os pedidos de registro de todos os 13 candidatos \u00e0 Presid\u00eancia da Rep\u00fablica. A partir da data de publica\u00e7\u00e3o, abre-se prazo de cinco dias para que candidatos e\u00a0coliga\u00e7\u00f5es advers\u00e1rias, bem como o Minist\u00e9rio P\u00fablico Eleitoral (MPE), entrem com impugna\u00e7\u00f5es (contesta\u00e7\u00f5es) contra as candidaturas.<\/p>\n<p>Ao menos dois candidatos \u2013 Luiz In\u00e1cio Lula da Silva (PT) e Jair Bolsonaro (PSL) \u2013 j\u00e1 tiveram suas candidaturas contestadas no TSE.<\/p>\n<p>No caso de Bolsonaro, a contesta\u00e7\u00e3o foi feita por um advogado, que questiona o fato de ele ser r\u00e9u em a\u00e7\u00f5es penais no Supremo Tribunal Federal (STF), o que entraria em conflito com regra da Constitui\u00e7\u00e3o que prev\u00ea o afastamento do presidente caso ele venha a\u00a0<span id=\"OBJ_PREFIX_DWT128_com_zimbra_date\">ter<\/span>\u00a0esse\u00a0<em>status<\/em>\u00a0jur\u00eddico. O questionamento, por\u00e9m, foi feito por meio de uma peti\u00e7\u00e3o e n\u00e3o cita lei ou norma que impe\u00e7a r\u00e9us de serem candidatos.<\/p>\n<p>Caber\u00e1 ao relator do registro de candidatura de Bolsonaro, ministro Napole\u00e3o Nunes Maia, decidir sobre a controv\u00e9rsia.<\/p>\n<p>Em rela\u00e7\u00e3o a Lula, ao menos sete contesta\u00e7\u00f5es foram apresentadas desde\u00a0<span id=\"OBJ_PREFIX_DWT129_com_zimbra_date\">quarta<\/span>-feira (15), quando o PT registrou a candidatura do ex-presidente. Duas delas foram feitas por candidatos ou partidos advers\u00e1rios \u2013 Jair Bolsonaro, candidato do PSL, e Partido Novo, cujo presidenci\u00e1vel \u00e9 Jo\u00e3o Amo\u00eado.<\/p>\n<p>Ainda na\u00a0<span id=\"OBJ_PREFIX_DWT130_com_zimbra_date\">quarta<\/span>, a procuradora-geral da Rep\u00fablica se adiantou \u00e0 publica\u00e7\u00e3o do edital com o registro de Lula, protocolando antecipadamente uma impugna\u00e7\u00e3o contra o candidato. Ela argumentou que o ex-presidente n\u00e3o \u00e9 eleg\u00edvel, por\u00a0<span id=\"OBJ_PREFIX_DWT131_com_zimbra_date\">ter<\/span>\u00a0sido condenado em\u00a0<span id=\"OBJ_PREFIX_DWT132_com_zimbra_date\">segunda<\/span>\u00a0inst\u00e2ncia pela Justi\u00e7a Federal e, portanto, se enquadrar nos crit\u00e9rios da Lei da Ficha Limpa.<\/p>\n<p><span id=\"OBJ_PREFIX_DWT133_com_zimbra_date\">Ontem<\/span>\u00a0(16), a PGR entrou ainda com novo pedido para que o prazo de manifesta\u00e7\u00e3o da defesa de Lula seja adiantado, numa tentativa de\u00a0<a href=\"http:\/\/agenciabrasil.ebc.com.br\/justica\/noticia\/2018-08\/pgr-tenta-acelerar-julgamento-de-registro-de-lula-no-tse\" target=\"_blank\" rel=\"noopener noreferrer\">acelerar<\/a>\u00a0o processo.<\/p>\n<p>Em tese, \u00e9 necess\u00e1rio que se encerre o prazo para as impugna\u00e7\u00f5es, o que no caso de Lula ocorrer\u00e1 em\u00a0<span id=\"OBJ_PREFIX_DWT135_com_zimbra_date\">22 de agosto<\/span>, para que comece a contar o prazo de sete dias\u00a0para a manifesta\u00e7\u00e3o da defesa contra os questionamentos. Caber\u00e1 ao ministro Lu\u00eds Roberto Barroso, relator do processo do registro do ex-presidente, decidir sobre o rito a ser seguido.<\/p>\n<p>Preso desde\u00a0<span id=\"OBJ_PREFIX_DWT136_com_zimbra_date\">7 de abril<\/span>\u00a0na Superintend\u00eancia da Pol\u00edcia Federal em Curitiba, Lula defende seu direito de ser candidato por ainda\u00a0<span id=\"OBJ_PREFIX_DWT137_com_zimbra_date\">ter<\/span>\u00a0recursos contra sua condena\u00e7\u00e3o pendentes de julgamento nas inst\u00e2ncias superiores da Justi\u00e7a. A defesa do ex-presidente busca conferir um efeito suspensivo sobre a condena\u00e7\u00e3o para libert\u00e1-lo e quer que o TSE o permita que ele dispute\u00a0as elei\u00e7\u00f5es enquanto n\u00e3o se define sua situa\u00e7\u00e3o jur\u00eddica.<\/p>\n","protected":false},"excerpt":{"rendered":"<p>O\u00a0Di\u00e1rio da Justi\u00e7a\u00a0do Tribunal Superior Eleitoral (TSE) j\u00e1 publicou edital com os pedidos de registro&#8230;<\/p>\n","protected":false},"author":1,"featured_media":0,"comment_status":"closed","ping_status":"closed","sticky":false,"template":"","format":"standard","meta":{"footnotes":""},"categories":[101,19],"tags":[],"class_list":["post-21556","post","type-post","status-publish","format-standard","hentry","category-eleicoes","category-politica"],"_links":{"self":[{"href":"https:\/\/www.corumbaonline.com.br\/news\/wp-json\/wp\/v2\/posts\/21556","targetHints":{"allow":["GET"]}}],"collection":[{"href":"https:\/\/www.corumbaonline.com.br\/news\/wp-json\/wp\/v2\/posts"}],"about":[{"href":"https:\/\/www.corumbaonline.com.br\/news\/wp-json\/wp\/v2\/types\/post"}],"author":[{"embeddable":true,"href":"https:\/\/www.corumbaonline.com.br\/news\/wp-json\/wp\/v2\/users\/1"}],"replies":[{"embeddable":true,"href":"https:\/\/www.corumbaonline.com.br\/news\/wp-json\/wp\/v2\/comments?post=21556"}],"version-history":[{"count":1,"href":"https:\/\/www.corumbaonline.com.br\/news\/wp-json\/wp\/v2\/posts\/21556\/revisions"}],"predecessor-version":[{"id":21557,"href":"https:\/\/www.corumbaonline.com.br\/news\/wp-json\/wp\/v2\/posts\/21556\/revisions\/21557"}],"wp:attachment":[{"href":"https:\/\/www.corumbaonline.com.br\/news\/wp-json\/wp\/v2\/media?parent=21556"}],"wp:term":[{"taxonomy":"category","embeddable":true,"href":"https:\/\/www.corumbaonline.com.br\/news\/wp-json\/wp\/v2\/categories?post=21556"},{"taxonomy":"post_tag","embeddable":true,"href":"https:\/\/www.corumbaonline.com.br\/news\/wp-json\/wp\/v2\/tags?post=21556"}],"curies":[{"name":"wp","href":"https:\/\/api.w.org\/{rel}","templated":true}]}}