{"id":21561,"date":"2018-08-17T16:06:09","date_gmt":"2018-08-17T20:06:09","guid":{"rendered":"http:\/\/www.corumbaonline.com.br\/news\/?p=21561"},"modified":"2018-08-17T16:01:05","modified_gmt":"2018-08-17T20:01:05","slug":"comando-do-6-distrito-naval-tem-novo-comandante","status":"publish","type":"post","link":"https:\/\/www.corumbaonline.com.br\/news\/comando-do-6-distrito-naval-tem-novo-comandante\/","title":{"rendered":"Comando do 6\u00b0 Distrito Naval tem novo Comandante"},"content":{"rendered":"<p>Representando o prefeito Marcelo Iunes, o diretor-executiva da Ag\u00eancia Municipal Portu\u00e1ria, Jos\u00e9 Antonio Assad e Faria, acompanhou a solenidade de troca de Comando do 6\u00b0 Distrito Naval, da Marinha do Brasil, em Lad\u00e1rio, realizada na manh\u00e3 desta sexta-feira, 17 de agosto.<\/p>\n<p>&nbsp;<\/p>\n<p>Em cerim\u00f4nia presidida pelo comandante de Opera\u00e7\u00f5es Navais da Marinha, almirante-de-esquadra Paulo Cezar de Quadros Kuster, o contra-almirante Carlos Eduardo Horta Arentz assumiu o Comando do 6\u00b0 Distrito Naval. Ele ocupava a subchefia de Pol\u00edtica e Estrat\u00e9gia do Minist\u00e9rio da Defesa, em Bras\u00edlia.<\/p>\n<p>&nbsp;<\/p>\n<p>Deixou o cargo o contra-almirante Luiz Oct\u00e1vio de Barros Coutinho, que comandou a base ladarense por um ano e sete meses, segue para o Minist\u00e9rio da Defesa, tamb\u00e9m na capital federal. O Comando do 6\u00b0 Distrito Naval tem oito organiza\u00e7\u00f5es diretamente subordinadas nos estados de Mato Grosso do Sul e Mato Grosso, com cerca de dois mil militares.<\/p>\n<p>&nbsp;<\/p>\n<p>A Marinha do Brasil, por meio do 6\u00b0 Distrito Naval, \u00e9 uma importante parceira da Prefeitura de Corumb\u00e1 em iniciativas que buscam o bem estar da popula\u00e7\u00e3o. Os militares do 6\u00b0 DN constantemente participam de a\u00e7\u00f5es de preven\u00e7\u00e3o e combate ao mosquito Aedes aegypti, transmissor da dengue, zika v\u00edrus e chikungunya. Tamb\u00e9m atuam em a\u00e7\u00f5es c\u00edvico-sociais e no aux\u00edlio a servi\u00e7os de apoio aos ribeirinhos.<\/p>\n<p>&nbsp;<\/p>\n<p>Prestigiaram a solenidade, que terminou com desfile da tropa do 6\u00b0 Distrito Naval, contou presen\u00e7as do\u00a0ministro da Secretaria de Governo Carlos Marun, e do senador Pedro Chaves.<\/p>\n","protected":false},"excerpt":{"rendered":"<p>Representando o prefeito Marcelo Iunes, o diretor-executiva da Ag\u00eancia Municipal Portu\u00e1ria, Jos\u00e9 Antonio Assad e&#8230;<\/p>\n","protected":false},"author":1,"featured_media":21562,"comment_status":"closed","ping_status":"closed","sticky":false,"template":"","format":"standard","meta":{"footnotes":""},"categories":[14],"tags":[],"class_list":["post-21561","post","type-post","status-publish","format-standard","has-post-thumbnail","hentry","category-geral"],"_links":{"self":[{"href":"https:\/\/www.corumbaonline.com.br\/news\/wp-json\/wp\/v2\/posts\/21561","targetHints":{"allow":["GET"]}}],"collection":[{"href":"https:\/\/www.corumbaonline.com.br\/news\/wp-json\/wp\/v2\/posts"}],"about":[{"href":"https:\/\/www.corumbaonline.com.br\/news\/wp-json\/wp\/v2\/types\/post"}],"author":[{"embeddable":true,"href":"https:\/\/www.corumbaonline.com.br\/news\/wp-json\/wp\/v2\/users\/1"}],"replies":[{"embeddable":true,"href":"https:\/\/www.corumbaonline.com.br\/news\/wp-json\/wp\/v2\/comments?post=21561"}],"version-history":[{"count":1,"href":"https:\/\/www.corumbaonline.com.br\/news\/wp-json\/wp\/v2\/posts\/21561\/revisions"}],"predecessor-version":[{"id":21563,"href":"https:\/\/www.corumbaonline.com.br\/news\/wp-json\/wp\/v2\/posts\/21561\/revisions\/21563"}],"wp:featuredmedia":[{"embeddable":true,"href":"https:\/\/www.corumbaonline.com.br\/news\/wp-json\/wp\/v2\/media\/21562"}],"wp:attachment":[{"href":"https:\/\/www.corumbaonline.com.br\/news\/wp-json\/wp\/v2\/media?parent=21561"}],"wp:term":[{"taxonomy":"category","embeddable":true,"href":"https:\/\/www.corumbaonline.com.br\/news\/wp-json\/wp\/v2\/categories?post=21561"},{"taxonomy":"post_tag","embeddable":true,"href":"https:\/\/www.corumbaonline.com.br\/news\/wp-json\/wp\/v2\/tags?post=21561"}],"curies":[{"name":"wp","href":"https:\/\/api.w.org\/{rel}","templated":true}]}}