{"id":21571,"date":"2018-08-20T08:06:44","date_gmt":"2018-08-20T12:06:44","guid":{"rendered":"http:\/\/www.corumbaonline.com.br\/news\/?p=21571"},"modified":"2018-08-20T08:18:26","modified_gmt":"2018-08-20T12:18:26","slug":"em-busca-de-alternativas-para-os-venezuelanos-temer-reune-ministros","status":"publish","type":"post","link":"https:\/\/www.corumbaonline.com.br\/news\/em-busca-de-alternativas-para-os-venezuelanos-temer-reune-ministros\/","title":{"rendered":"Em busca de alternativas para os venezuelanos, Temer re\u00fane ministros"},"content":{"rendered":"<p>O presidente Michel Temer promove nesta segunda-feira (20), a partir das 15h, no Pal\u00e1cio do Planalto, mais uma etapa de reuni\u00f5es no esfor\u00e7o de buscar solu\u00e7\u00f5es para a crise envolvendo os imigrantes venezuelanos em Roraima. Foram chamados sete ministros. Raul Jungmann, da Seguran\u00e7a P\u00fablica, viaja hoje para a Col\u00f4mbia, onde vai discutir seguran\u00e7a nas fronteiras.<\/p>\n<p>Ontem (19), outra reuni\u00e3o foi convocada por Temer, no Pal\u00e1cio da Alvorada. Durante cinco horas,o presidente e ministros discutiram a situa\u00e7\u00e3o em Roraima, depois dos confrontos entre brasileiros e venezuelanos no munic\u00edpio de Pacaraima.<\/p>\n<p>Para a reuni\u00e3o de hoje s\u00e3o esperados os ministros Eliseu Padilha (Casa Civil), Joaquim Silva e Luna (Defesa), Moreira Franco (Minas e Energia), Edson Duarte (Meio Ambiente), Gustavo Rocha (Direitos Humanos), Sergio Etchegoyen (Gabinete de Seguran\u00e7a Institucional), e Grace Maria Fernandes Mendon\u00e7a (Advocacia-Geral da Uni\u00e3o).<\/p>\n<p>Tamb\u00e9m s\u00e3o aguardados o l\u00edder do governo no Senado, senador Romero Juc\u00e1 (MDB-RR), \u00a0os secret\u00e1rios executivos do Minist\u00e9rio da Justi\u00e7a, Gilson Lib\u00f3rio de Oliveira Mendes, e da Seguran\u00e7a P\u00fablica, Lu\u00eds Carlos Cazetta, o diretor de Saneamento da Caixa, Ant\u00f4nio Gil da Silveira, e os presidentes do Ibama, Suely Ara\u00fajo, da Funai, Wallace Moreira Bastos, e da Eletrobr\u00e1s, Wilson Ferreira Junior.<\/p>\n<p><strong>Medidas<\/strong><\/p>\n<p>Na reuni\u00e3o de ontem, Temer e os ministros definiram medidas emergenciais para a regi\u00e3o de Roraima, onde est\u00e1 uma grande concentra\u00e7\u00e3o de imigrantes venezuelanos. De forma imediata, ser\u00e3o enviados 120 homens para a For\u00e7a Nacional e 36 volunt\u00e1rios da \u00e1rea da sa\u00fade, que atuar\u00e3o em parceria com hospitais universit\u00e1rios.<\/p>\n<p>Os homens ir\u00e3o para Roraima em duas etapas: inicialmente, 60 e depois mais 60, ainda sem data definida, o que totaliza 151 homens da For\u00e7a Nacional em Pacaraima, com os 31 que j\u00e1 se encontram no estado.<\/p>\n<p>Paralelamente ser\u00e1 realizado o ordenamento da fronteira, com controle e triagem adequados, e com a amplia\u00e7\u00e3o da presen\u00e7a da Uni\u00e3o nas \u00e1reas social e de seguran\u00e7a.<\/p>\n<p>H\u00e1 ainda a previs\u00e3o de construir dez abrigos para os imigrantes. Segundo as autoridades, dois est\u00e3o em fase de conclus\u00e3o. Tamb\u00e9m haver\u00e1 um esfor\u00e7o para encaminhar os imigrantes para outras regi\u00f5es do pa\u00eds \u2013 a chamada interioriza\u00e7\u00e3o.<\/p>\n<p>Outra medida \u00e9 a manuten\u00e7\u00e3o de um abrigo de transi\u00e7\u00e3o, entre Boa Vista e Pacaraima, para atendimento humanit\u00e1rio dos migrantes que aguardam o processo de interioriza\u00e7\u00e3o, de forma a reduzir o n\u00famero de pessoas nas ruas.<\/p>\n<p>Ser\u00e3o intensificadas as negocia\u00e7\u00f5es para o in\u00edcio das obras do \u201clinh\u00e3o\u201d, que permitir\u00e1 a integra\u00e7\u00e3o do estado de Roraima com o sistema el\u00e9trico nacional.<\/p>\n<p><strong>Estopim<\/strong><\/p>\n<p>O estopim da crise em Roraima ocorreu h\u00e1 dois dias, no \u00a0s\u00e1bado (18), em Pacaraima, em Roraima. Moradores da cidade atacaram barracas dos imigrantes venezuelanos, inclusive ateando fogo, depois que um comerciante local foi assaltado e espancado. De acordo com as autoridades locais, n\u00e3o h\u00e1 registro de feridos entre os venezuelanos. H\u00e1 suspeita de que o assalto tenha sido praticado por um grupo de venezuelanos.<\/p>\n<p>Depois do epis\u00f3dio, o Ex\u00e9rcito confirmou que 1,2 mil venezuelanos cruzaram de volta a fronteira do pa\u00eds com o Brasil.<\/p>\n<p>Em nota, a Presid\u00eancia da Rep\u00fablica disse que governo federal \u201cest\u00e1 comprometido com a prote\u00e7\u00e3o da integridade de brasileiros e venezuelanos\u201d, e que o Itamaraty est\u00e1 em contato com as autoridades venezuelanas.<\/p>\n","protected":false},"excerpt":{"rendered":"<p>O presidente Michel Temer promove nesta segunda-feira (20), a partir das 15h, no Pal\u00e1cio do&#8230;<\/p>\n","protected":false},"author":1,"featured_media":0,"comment_status":"closed","ping_status":"closed","sticky":false,"template":"","format":"standard","meta":{"footnotes":""},"categories":[19],"tags":[],"class_list":["post-21571","post","type-post","status-publish","format-standard","hentry","category-politica"],"_links":{"self":[{"href":"https:\/\/www.corumbaonline.com.br\/news\/wp-json\/wp\/v2\/posts\/21571","targetHints":{"allow":["GET"]}}],"collection":[{"href":"https:\/\/www.corumbaonline.com.br\/news\/wp-json\/wp\/v2\/posts"}],"about":[{"href":"https:\/\/www.corumbaonline.com.br\/news\/wp-json\/wp\/v2\/types\/post"}],"author":[{"embeddable":true,"href":"https:\/\/www.corumbaonline.com.br\/news\/wp-json\/wp\/v2\/users\/1"}],"replies":[{"embeddable":true,"href":"https:\/\/www.corumbaonline.com.br\/news\/wp-json\/wp\/v2\/comments?post=21571"}],"version-history":[{"count":1,"href":"https:\/\/www.corumbaonline.com.br\/news\/wp-json\/wp\/v2\/posts\/21571\/revisions"}],"predecessor-version":[{"id":21572,"href":"https:\/\/www.corumbaonline.com.br\/news\/wp-json\/wp\/v2\/posts\/21571\/revisions\/21572"}],"wp:attachment":[{"href":"https:\/\/www.corumbaonline.com.br\/news\/wp-json\/wp\/v2\/media?parent=21571"}],"wp:term":[{"taxonomy":"category","embeddable":true,"href":"https:\/\/www.corumbaonline.com.br\/news\/wp-json\/wp\/v2\/categories?post=21571"},{"taxonomy":"post_tag","embeddable":true,"href":"https:\/\/www.corumbaonline.com.br\/news\/wp-json\/wp\/v2\/tags?post=21571"}],"curies":[{"name":"wp","href":"https:\/\/api.w.org\/{rel}","templated":true}]}}