{"id":21576,"date":"2018-08-20T08:18:18","date_gmt":"2018-08-20T12:18:18","guid":{"rendered":"http:\/\/www.corumbaonline.com.br\/news\/?p=21576"},"modified":"2018-08-20T08:35:45","modified_gmt":"2018-08-20T12:35:45","slug":"governo-enviara-120-militares-e-36-voluntarios-da-saude-para-roraima","status":"publish","type":"post","link":"https:\/\/www.corumbaonline.com.br\/news\/governo-enviara-120-militares-e-36-voluntarios-da-saude-para-roraima\/","title":{"rendered":"Governo enviar\u00e1 120 militares e 36 volunt\u00e1rios da sa\u00fade para Roraima"},"content":{"rendered":"<p>O governo federal enviar\u00e1 a Roraima um refor\u00e7o de 120 homens para a For\u00e7a Nacional, al\u00e9m de, no pr\u00f3ximo domingo (26), 36 volunt\u00e1rios da \u00e1rea da sa\u00fade para atendimento aos imigrantes venezuelanos, em parceria com hospitais universit\u00e1rios. As medidas est\u00e3o entre as a\u00e7\u00f5es anunciadas ontem (19) pelo presidente Michel Temer ap\u00f3s reuni\u00e3o de emerg\u00eancia com ministros no Pal\u00e1cio da Alvorada, convocada para avaliar a situa\u00e7\u00e3o na fronteira do Brasil com a Venezuela.<\/p>\n<p>De acordo com o Minist\u00e9rio da Seguran\u00e7a P\u00fablica, nesta segunda-feira (20) ir\u00e3o 60 homens, e depois mais 60, ainda sem data definida, o que totaliza 151 homens da For\u00e7a Nacional em Pacaraima, com os 31 que j\u00e1 se encontram no estado.<\/p>\n<p>No s\u00e1bado (18), em Pacaraima, em Roraima,\u00a0<a href=\"http:\/\/agenciabrasil.ebc.com.br\/geral\/noticia\/2018-08\/moradores-de-pacaraima-se-revoltam-e-expulsam-venezuelanos\">moradores da cidade atacaram<\/a>\u00a0barracas e abrigos dos imigrantes venezuelanos, inclusive ateando fogo, depois que um comerciante local foi assaltado e espancado. De acordo com as autoridades locais, n\u00e3o h\u00e1 registro de feridos entre os venezuelanos. O comerciante brasileiro que sofreu uma tentativa de assalto, supostamente por um grupo de venezuelanos, permanece internado em Boa Vista, e seu estado de sa\u00fade \u00e9 est\u00e1vel.<\/p>\n<div class=\"dnd-widget-wrapper context-cheio_8colunas type-image\">\n<div class=\"dnd-atom-rendered\">\n<figure class=\"mejs-fotoh-wrapper\">\n<p><figure style=\"width: 754px\" class=\"wp-caption alignnone\"><img loading=\"lazy\" decoding=\"async\" class=\"img-responsive full full\" title=\"GERALDO MAIA\/Ag\u00eancia Brasil\" src=\"http:\/\/imagens.ebc.com.br\/wZIdYm1ALYKi9ZDSy5Esj9_Hq7o=\/754x0\/smart\/http:\/\/agenciabrasil.ebc.com.br\/sites\/default\/files\/thumbnails\/image\/636702243738659576.jpg?itok=xSIeB4QK\" alt=\"BRA05. PACARAIMA (BRASIL), 18\/08\/2018.- Ciudadanos brasile\u00f1os se manifiestan contra la presencia de inmigrantes venezolanos hoy, s\u00e1bado 18 de agosto de 2018, en la localidad fronteriza de Pacaraima (Brasil). Un grupo de brasile\u00f1os se manifest\u00f3\" width=\"754\" height=\"424\" \/><figcaption class=\"wp-caption-text\">Brasileiros atacaram no s\u00e1bado (18) acampamentos de imigrantes venezuelanos em Pacaraima (Geraldo Maia\/EFE\/Direitos reservados)<\/figcaption><\/figure><\/figure>\n<\/div>\n<\/div>\n<p>Ap\u00f3s o ocorrido, cerca de\u00a0<a href=\"http:\/\/agenciabrasil.ebc.com.br\/politica\/noticia\/2018-08\/exercito-diz-que-12-mil-venezuelanos-sairam-do-brasil-apos-violencia\">1,2 mil venezuelanos cruzaram\u00a0<\/a>de volta a fronteira do pa\u00eds com o Brasil.<\/p>\n<p>Por meio de nota, a Presid\u00eancia da Rep\u00fablica disse que governo federal \u201cest\u00e1 comprometido com a prote\u00e7\u00e3o da integridade de brasileiros e venezuelanos\u201d, e que o Itamaraty est\u00e1 em contato com as autoridades venezuelanas. \u201cNo dia de ontem (s\u00e1bado), esse di\u00e1logo serviu, tamb\u00e9m, para que cerca de trinta brasileiros, que se encontravam em territ\u00f3rio venezuelano, pudessem retornar em seguran\u00e7a ao Brasil\u201d.<\/p>\n<p>A nota diz ainda que o governo continua em condi\u00e7\u00f5es de empregar as For\u00e7as Armadas para a Garantia da Lei e da Ordem (GLO) em Roraima. Por for\u00e7a de lei, tal iniciativa depende da solicita\u00e7\u00e3o expressa da governadora do estado.<\/p>\n<p>O governo listou uma s\u00e9ria de medidas que ser\u00e3o adotadas nos pr\u00f3ximos dias: intensificar esfor\u00e7os de interioriza\u00e7\u00e3o dos venezuelanos para outros estados; estabelecer abrigo de transi\u00e7\u00e3o em Roraima, entre Boa Vista e Pacaraima, para atendimento humanit\u00e1rio dos imigrantes que aguardam o processo de interioriza\u00e7\u00e3o, de forma a reduzir o n\u00famero de pessoas nas ruas. Uma comiss\u00e3o interministerial ir\u00e1 ao local para avaliar medidas complementares, que se somar\u00e3o \u00e0s anteriores j\u00e1 tomadas, diz a nota.<\/p>\n<p>Participaram da reuni\u00e3o no Pal\u00e1cio da Alvorada os ministros Joaquim Silva e Luna, da Defesa; S\u00e9rgio Etchegoyen, do Gabinete de Seguran\u00e7a Institucional; Rossieli Soares, da Educa\u00e7\u00e3o; Moreira Franco, de Minas e Energia; Raul Jungmann, da Seguran\u00e7a P\u00fablica; e o secret\u00e1rio-geral do Minist\u00e9rio das Rela\u00e7\u00f5es Exteriores, Marcos Galv\u00e3o,<\/p>\n<h2>Nota<\/h2>\n<p>A \u00edntegra da nota da Presid\u00eancia da Rep\u00fablica:<\/p>\n<p>\u201cO Presidente Michel Temer reuniu-se com ministros e assessores para avaliar a situa\u00e7\u00e3o no Estado de Roraima e determinar novas a\u00e7\u00f5es do Governo Federal.<\/p>\n<p>Desde a configura\u00e7\u00e3o da crise migrat\u00f3ria, autoridades federais t\u00eam visitado Roraima assiduamente \u2013 o que inclui duas visitas do Presidente da Rep\u00fablica.<\/p>\n<p>O Governo Federal, atento \u00e0 seguran\u00e7a e ao bem-estar dos brasileiros de Roraima, tem envidado esfor\u00e7os abrangentes para apoi\u00e1-los, reduzindo o impacto do afluxo migrat\u00f3rio sobre a popula\u00e7\u00e3o local. Para tanto, j\u00e1 tomou provid\u00eancias que somam mais de R$ 200 milh\u00f5es e incluem:<\/p>\n<p>&#8211; o ordenamento da fronteira, com controle e triagem adequados, e com a amplia\u00e7\u00e3o da presen\u00e7a da Uni\u00e3o nas \u00e1reas social e de seguran\u00e7a;<\/p>\n<p>&#8211; a constru\u00e7\u00e3o de 10 instala\u00e7\u00f5es (mais duas est\u00e3o quase conclu\u00eddas) que abrigam, temporariamente, os venezuelanos; e<\/p>\n<p>&#8211; a interioriza\u00e7\u00e3o dos migrantes para outros Estados.<\/p>\n<p>Com o mesmo prop\u00f3sito de apoiar os brasileiros de Roraima, o Presidente da Rep\u00fablica determinou fossem tomadas as seguintes provid\u00eancias:<\/p>\n<p>i. a intensifica\u00e7\u00e3o dos esfor\u00e7os de interioriza\u00e7\u00e3o dos venezuelanos para outros Estados;<\/p>\n<p>ii. o estabelecimento de abrigo de transi\u00e7\u00e3o em Roraima, entre Boa Vista e Pacaraima, para atendimento humanit\u00e1rio dos migrantes que aguardam o processo de interioriza\u00e7\u00e3o, de forma a reduzir o n\u00famero de pessoas nas ruas;<\/p>\n<p>iii. a realiza\u00e7\u00e3o, amanh\u00e3, 20\/8, de reuni\u00e3o com vistas a concluir as negocia\u00e7\u00f5es para o in\u00edcio das obras do \u201clinh\u00e3o\u201d que permitir\u00e1 a integra\u00e7\u00e3o do Estado de Roraima ao sistema el\u00e9trico nacional;<\/p>\n<p>iv. o envio a Roraima, em 26\/8, de 36 volunt\u00e1rios da \u00e1rea da sa\u00fade para atendimento aos migrantes, em parceria com hospitais universit\u00e1rios;<\/p>\n<p>v. o deslocamento de comiss\u00e3o interministerial para avaliar medidas complementares, que se somar\u00e3o \u00e0s anteriores j\u00e1 tomadas; e<\/p>\n<p>vi. o refor\u00e7o da For\u00e7a Nacional em Roraima com mais 120 homens;<\/p>\n<p>O Governo Federal est\u00e1 comprometido com a prote\u00e7\u00e3o da integridade de brasileiros e venezuelanos.<\/p>\n<p>O Itamaraty est\u00e1 em contato com as autoridades venezuelanas. No dia de ontem, esse di\u00e1logo serviu, tamb\u00e9m, para que cerca de trinta brasileiros, que se encontravam em territ\u00f3rio venezuelano, pudessem retornar em seguran\u00e7a ao Brasil.<\/p>\n<p>O Governo Federal continua em condi\u00e7\u00f5es de empregar as For\u00e7as Armadas para a Garantia da Lei e da Ordem em Roraima. Por for\u00e7a de Lei, tal iniciativa depende da solicita\u00e7\u00e3o expressa da Senhora Governadora do Estado.<\/p>\n<p>Secretaria Especial de Comunica\u00e7\u00e3o Social da Presid\u00eancia da Rep\u00fablica\u201d.<\/p>\n","protected":false},"excerpt":{"rendered":"<p>O governo federal enviar\u00e1 a Roraima um refor\u00e7o de 120 homens para a For\u00e7a Nacional,&#8230;<\/p>\n","protected":false},"author":1,"featured_media":0,"comment_status":"closed","ping_status":"closed","sticky":false,"template":"","format":"standard","meta":{"footnotes":""},"categories":[19],"tags":[],"class_list":["post-21576","post","type-post","status-publish","format-standard","hentry","category-politica"],"_links":{"self":[{"href":"https:\/\/www.corumbaonline.com.br\/news\/wp-json\/wp\/v2\/posts\/21576","targetHints":{"allow":["GET"]}}],"collection":[{"href":"https:\/\/www.corumbaonline.com.br\/news\/wp-json\/wp\/v2\/posts"}],"about":[{"href":"https:\/\/www.corumbaonline.com.br\/news\/wp-json\/wp\/v2\/types\/post"}],"author":[{"embeddable":true,"href":"https:\/\/www.corumbaonline.com.br\/news\/wp-json\/wp\/v2\/users\/1"}],"replies":[{"embeddable":true,"href":"https:\/\/www.corumbaonline.com.br\/news\/wp-json\/wp\/v2\/comments?post=21576"}],"version-history":[{"count":1,"href":"https:\/\/www.corumbaonline.com.br\/news\/wp-json\/wp\/v2\/posts\/21576\/revisions"}],"predecessor-version":[{"id":21577,"href":"https:\/\/www.corumbaonline.com.br\/news\/wp-json\/wp\/v2\/posts\/21576\/revisions\/21577"}],"wp:attachment":[{"href":"https:\/\/www.corumbaonline.com.br\/news\/wp-json\/wp\/v2\/media?parent=21576"}],"wp:term":[{"taxonomy":"category","embeddable":true,"href":"https:\/\/www.corumbaonline.com.br\/news\/wp-json\/wp\/v2\/categories?post=21576"},{"taxonomy":"post_tag","embeddable":true,"href":"https:\/\/www.corumbaonline.com.br\/news\/wp-json\/wp\/v2\/tags?post=21576"}],"curies":[{"name":"wp","href":"https:\/\/api.w.org\/{rel}","templated":true}]}}