{"id":21588,"date":"2018-08-20T09:11:50","date_gmt":"2018-08-20T13:11:50","guid":{"rendered":"http:\/\/www.corumbaonline.com.br\/news\/?p=21588"},"modified":"2018-08-20T09:35:01","modified_gmt":"2018-08-20T13:35:01","slug":"segunda-feira-de-tempo-instavel-em-mato-grosso-do-sul","status":"publish","type":"post","link":"https:\/\/www.corumbaonline.com.br\/news\/segunda-feira-de-tempo-instavel-em-mato-grosso-do-sul\/","title":{"rendered":"Segunda-feira de tempo inst\u00e1vel em Mato Grosso do Sul"},"content":{"rendered":"<p>Tempo inst\u00e1vel em Mato Grosso do Sul ocasionado pelo avan\u00e7o de uma frente fria\u00a0que pode provocar aumento de nuvens, com possibilidade de chuva e queda acentuada nas temperaturas, especialmente, nas regi\u00f5es Pantaneira, Sudoeste, Sul e Central. Demais \u00e1reas seguem com condi\u00e7\u00e3o\u00a0parcialmente nublado com poss\u00edveis chuvas isoladas \u00e0 tarde.<\/p>\n<p>A umidade relativa do ar varia de 90% a 25% e a temperatura no Estado ficar\u00e1 entre 12\u00baC a 35\u00baC e os ventos devem ficar de fracos a moderados com rajada.\u00a0As informa\u00e7\u00f5es s\u00e3o do\u00a0Centro de Monitoramento do Tempo, do Clima e dos Recursos H\u00eddricos (Cemtec). Confira o mapa.<\/p>\n<p><a href=\"http:\/\/www.ms.gov.br\/wp-content\/uploads\/sites\/150\/2018\/08\/PREVIS%C3%83O-20_08.jpg\"><img loading=\"lazy\" decoding=\"async\" class=\"alignnone wp-image-234470 size-large\" src=\"http:\/\/www.ms.gov.br\/wp-content\/uploads\/sites\/150\/2018\/08\/PREVIS%C3%83O-20_08-1024x835.jpg\" sizes=\"auto, (max-width: 1024px) 100vw, 1024px\" srcset=\"http:\/\/www.ms.gov.br\/wp-content\/uploads\/sites\/150\/2018\/08\/PREVIS\u00c3O-20_08-1024x835.jpg 1024w, http:\/\/www.ms.gov.br\/wp-content\/uploads\/sites\/150\/2018\/08\/PREVIS\u00c3O-20_08-300x245.jpg 300w, http:\/\/www.ms.gov.br\/wp-content\/uploads\/sites\/150\/2018\/08\/PREVIS\u00c3O-20_08-768x626.jpg 768w, http:\/\/www.ms.gov.br\/wp-content\/uploads\/sites\/150\/2018\/08\/PREVIS\u00c3O-20_08.jpg 1224w\" alt=\"\" width=\"1024\" height=\"835\" \/><\/a><\/p>\n","protected":false},"excerpt":{"rendered":"<p>Tempo inst\u00e1vel em Mato Grosso do Sul ocasionado pelo avan\u00e7o de uma frente fria\u00a0que pode&#8230;<\/p>\n","protected":false},"author":1,"featured_media":0,"comment_status":"closed","ping_status":"closed","sticky":false,"template":"","format":"standard","meta":{"footnotes":""},"categories":[17],"tags":[],"class_list":["post-21588","post","type-post","status-publish","format-standard","hentry","category-meio-ambiente"],"_links":{"self":[{"href":"https:\/\/www.corumbaonline.com.br\/news\/wp-json\/wp\/v2\/posts\/21588","targetHints":{"allow":["GET"]}}],"collection":[{"href":"https:\/\/www.corumbaonline.com.br\/news\/wp-json\/wp\/v2\/posts"}],"about":[{"href":"https:\/\/www.corumbaonline.com.br\/news\/wp-json\/wp\/v2\/types\/post"}],"author":[{"embeddable":true,"href":"https:\/\/www.corumbaonline.com.br\/news\/wp-json\/wp\/v2\/users\/1"}],"replies":[{"embeddable":true,"href":"https:\/\/www.corumbaonline.com.br\/news\/wp-json\/wp\/v2\/comments?post=21588"}],"version-history":[{"count":1,"href":"https:\/\/www.corumbaonline.com.br\/news\/wp-json\/wp\/v2\/posts\/21588\/revisions"}],"predecessor-version":[{"id":21589,"href":"https:\/\/www.corumbaonline.com.br\/news\/wp-json\/wp\/v2\/posts\/21588\/revisions\/21589"}],"wp:attachment":[{"href":"https:\/\/www.corumbaonline.com.br\/news\/wp-json\/wp\/v2\/media?parent=21588"}],"wp:term":[{"taxonomy":"category","embeddable":true,"href":"https:\/\/www.corumbaonline.com.br\/news\/wp-json\/wp\/v2\/categories?post=21588"},{"taxonomy":"post_tag","embeddable":true,"href":"https:\/\/www.corumbaonline.com.br\/news\/wp-json\/wp\/v2\/tags?post=21588"}],"curies":[{"name":"wp","href":"https:\/\/api.w.org\/{rel}","templated":true}]}}