{"id":21607,"date":"2018-08-20T10:38:51","date_gmt":"2018-08-20T14:38:51","guid":{"rendered":"http:\/\/www.corumbaonline.com.br\/news\/?p=21607"},"modified":"2018-08-20T11:02:17","modified_gmt":"2018-08-20T15:02:17","slug":"ufms-abriu-nesta-segunda-feira-inscricoes-de-processo-seletivo","status":"publish","type":"post","link":"https:\/\/www.corumbaonline.com.br\/news\/ufms-abriu-nesta-segunda-feira-inscricoes-de-processo-seletivo\/","title":{"rendered":"UFMS abriu nesta segunda-feira inscri\u00e7\u00f5es de processo seletivo"},"content":{"rendered":"<p>A UFMS (Universidade Federal de Mato Grosso do Sul) abriu inscri\u00e7\u00f5es do processo seletivo para professor do magist\u00e9rio superior nesta segunda-feira, 20 de agosto. Ao todo, s\u00e3o 41 vagas para diversas \u00e1reas do conhecimento e atua\u00e7\u00e3o em Aquidauana, Campo Grande, Chapad\u00e3o do Sul, Corumb\u00e1, Navira\u00ed, Parana\u00edba e Tr\u00eas Lagoas.<\/p>\n<p>As inscri\u00e7\u00f5es poder\u00e3o ser feitas at\u00e9 20 de setembro de 2018, exclusivamente pela internet, no site:\u00a0<a href=\"http:\/\/www.concursos.ufms.br\/\" target=\"_blank\" rel=\"noopener noreferrer\">www.concursos.ufms.br<\/a>. O prazo para solicita\u00e7\u00e3o de isen\u00e7\u00e3o da taxa \u00e9 30 de agosto.<\/p>\n<p>As vagas s\u00e3o para professor auxiliar, com dedica\u00e7\u00e3o de 20 horas semanais, ou professor adjunto, com dedica\u00e7\u00e3o exclusiva. A remunera\u00e7\u00e3o b\u00e1sica varia de cerca de R$2,6 mil a cerca de R$10 mil conforme a jornada de trabalho e titula\u00e7\u00e3o.<\/p>\n<p>O concurso ser\u00e1 composto por provas escrita, did\u00e1tica e de t\u00edtulos. A previs\u00e3o para a prova escrita, que ser\u00e1 realizada em Campo Grande, Mato Grosso do Sul, \u00e9 nove de novembro. As demais etapas ser\u00e3o realizadas conforme o andamento dos trabalhos para cada vaga, com divulga\u00e7\u00e3o de datas e hor\u00e1rios fixados em cada sala de provas.<\/p>\n<p>Aos candidatos negros ser\u00e3o reservados 20% do total das vagas oferecidas e \u00e0s pessoas com defici\u00eancia 5% do total das vagas oferecidas, independente da \u00e1rea ou lota\u00e7\u00e3o. Os candidatos negros ser\u00e3o convocados para o procedimento de heteroidentifica\u00e7\u00e3o.<\/p>\n<p>O candidato que necessitar de condi\u00e7\u00e3o especial para a realiza\u00e7\u00e3o das provas poder\u00e1 solicitar atendimento diferenciado, que consistir\u00e1 em fiscal ledor, fiscal transcritor, int\u00e9rprete de Libras, acesso e mesa para cadeirante, tempo adicional para a realiza\u00e7\u00e3o da prova e espa\u00e7o para amamenta\u00e7\u00e3o.<\/p>\n","protected":false},"excerpt":{"rendered":"<p>A UFMS (Universidade Federal de Mato Grosso do Sul) abriu inscri\u00e7\u00f5es do processo seletivo para&#8230;<\/p>\n","protected":false},"author":1,"featured_media":0,"comment_status":"closed","ping_status":"closed","sticky":false,"template":"","format":"standard","meta":{"footnotes":""},"categories":[10],"tags":[],"class_list":["post-21607","post","type-post","status-publish","format-standard","hentry","category-educacao"],"_links":{"self":[{"href":"https:\/\/www.corumbaonline.com.br\/news\/wp-json\/wp\/v2\/posts\/21607","targetHints":{"allow":["GET"]}}],"collection":[{"href":"https:\/\/www.corumbaonline.com.br\/news\/wp-json\/wp\/v2\/posts"}],"about":[{"href":"https:\/\/www.corumbaonline.com.br\/news\/wp-json\/wp\/v2\/types\/post"}],"author":[{"embeddable":true,"href":"https:\/\/www.corumbaonline.com.br\/news\/wp-json\/wp\/v2\/users\/1"}],"replies":[{"embeddable":true,"href":"https:\/\/www.corumbaonline.com.br\/news\/wp-json\/wp\/v2\/comments?post=21607"}],"version-history":[{"count":1,"href":"https:\/\/www.corumbaonline.com.br\/news\/wp-json\/wp\/v2\/posts\/21607\/revisions"}],"predecessor-version":[{"id":21608,"href":"https:\/\/www.corumbaonline.com.br\/news\/wp-json\/wp\/v2\/posts\/21607\/revisions\/21608"}],"wp:attachment":[{"href":"https:\/\/www.corumbaonline.com.br\/news\/wp-json\/wp\/v2\/media?parent=21607"}],"wp:term":[{"taxonomy":"category","embeddable":true,"href":"https:\/\/www.corumbaonline.com.br\/news\/wp-json\/wp\/v2\/categories?post=21607"},{"taxonomy":"post_tag","embeddable":true,"href":"https:\/\/www.corumbaonline.com.br\/news\/wp-json\/wp\/v2\/tags?post=21607"}],"curies":[{"name":"wp","href":"https:\/\/api.w.org\/{rel}","templated":true}]}}