{"id":21609,"date":"2018-08-20T10:35:08","date_gmt":"2018-08-20T14:35:08","guid":{"rendered":"http:\/\/www.corumbaonline.com.br\/news\/?p=21609"},"modified":"2018-08-20T11:52:59","modified_gmt":"2018-08-20T15:52:59","slug":"dia-do-patrimonio-historico-marca-inicio-das-celebracoes-do-centenario-do-jardim","status":"publish","type":"post","link":"https:\/\/www.corumbaonline.com.br\/news\/dia-do-patrimonio-historico-marca-inicio-das-celebracoes-do-centenario-do-jardim\/","title":{"rendered":"Dia do Patrim\u00f4nio Hist\u00f3rico marca in\u00edcio das celebra\u00e7\u00f5es do centen\u00e1rio do Jardim"},"content":{"rendered":"<p>A celebra\u00e7\u00e3o do centen\u00e1rio do Jardim da Independ\u00eancia come\u00e7ou nessa sexta-feira, 17 de outubro, Dia Nacional do Patrim\u00f4nio Hist\u00f3rico. At\u00e9 o m\u00eas de dezembro, quando a mais famosa pra\u00e7a da cidade comemora 100 anos de inaugura\u00e7\u00e3o, v\u00e1rias atividades ser\u00e3o realizadas no local pela Prefeitura e parceiros.<\/p>\n<p>&nbsp;<\/p>\n<p>No primeiro evento desse calend\u00e1rio festivo, as atra\u00e7\u00f5es foram a Banda Municipal Manoel Flor\u00eancio e uma exposi\u00e7\u00e3o de fotografias antigas mostrando desde o projeto de implanta\u00e7\u00e3o da cidade, onde j\u00e1 estava prevista a constru\u00e7\u00e3o da pra\u00e7a, at\u00e9 imagens atuais. As imagens agora est\u00e3o dispostas no Sesc.<\/p>\n<p>&nbsp;<\/p>\n<p>Tamb\u00e9m foram expostos cartazes produzidos por alunos da Rede Municipal de Ensino (REME) com a tem\u00e1tica de patrim\u00f4nio hist\u00f3rico e que participaram da etapa final do concurso. A vencedora foi Fabiana Cristina da Cruz Ruiz, aluna da Escola Municipal Izabel Corr\u00eaa de Oliveira. Marcos Santos, do CAIC, ficou em segundo e Paulo Vitor Ribeiro, do Paiolzinho, ficou em terceiro.<\/p>\n<p>&nbsp;<\/p>\n<p>A solenidade ainda contou com uma interven\u00e7\u00e3o teatral preparada pelo Grupo de Experimentos e Truques Teatrais (GETT) com o t\u00edtulo \u201cEu perten\u00e7o a Corumb\u00e1 \u2013 Corumb\u00e1 me pertence\u201d, que mostrou uma linha do tempo da cidade, marcando alguns fatos importantes desde a pr\u00e9-hist\u00f3ria, as influ\u00eancias culturais e o pr\u00f3prio Jardim da Independ\u00eancia. A festa foi encerrada com uma apresenta\u00e7\u00e3o de siriri e cururu feita pelos mestres da regi\u00e3o.<\/p>\n<p>&nbsp;<\/p>\n<p>\u201cIsso aqui \u00e9 uma celebra\u00e7\u00e3o da nossa hist\u00f3ria. O Jardim da Independ\u00eancia comemorando seu centen\u00e1rio s\u00f3 nos enriquece. Olhando essa exposi\u00e7\u00e3o aqui vemos quanto nossa hist\u00f3ria \u00e9 bonita. A hist\u00f3ria de Corumb\u00e1 nos orgulha. Estamos aqui hoje comemorando a Semana do Patrim\u00f4nio Hist\u00f3rico e celebrando o centen\u00e1rio do Jardim\u201d, comentou o diretor-presidente da Funda\u00e7\u00e3o da Cultura e do Patrim\u00f4nio Hist\u00f3rico, Joilson Cruz.<\/p>\n<p>&nbsp;<\/p>\n<p>\u201cTemos muitos outros motivos para justificar esse tipo de a\u00e7\u00e3o. As pessoas que j\u00e1 habitavam esse espa\u00e7o deixaram suas marcas, assim como todos os imigrantes que vieram para c\u00e1. Essa terra recebeu e ainda recebe pessoas que contribuem com sua forma\u00e7\u00e3o. Por isso \u00e9 importante falar de patrim\u00f4nio cultural porque isso abrange nossa hist\u00f3ria e o respeito aos nossos antepassados\u201d, continuou.<\/p>\n<p>&nbsp;<\/p>\n<p>\u201cAs marcas ficaram na arquitetura, na culin\u00e1ria, na linguagem do nosso povo corumbaense, nos trajes dos pantaneiros e todos os grupos foram deixando seu legado\u201d, finalizou Joilson. Representando a C\u00e2mara de Vereadores, Manoel Rodrigues destacou a participa\u00e7\u00e3o dos jovens no evento.<\/p>\n<p>&nbsp;<\/p>\n<p>\u201cVale a pena celebrar junto com nossas crian\u00e7as porque vamos reviver uma mem\u00f3ria de nossos antepassados, algo que gera identidade e hist\u00f3ria. Relembrar a hist\u00f3ria de nossos antepassados que viveram aqui para que essas crian\u00e7as tenham a oportunidade de viver tudo isso aqui\u201d, afirmou.<\/p>\n<p>&nbsp;<\/p>\n<p>Respons\u00e1vel pela Semana do Patrim\u00f4nio Hist\u00f3rico, que contou com diversas atra\u00e7\u00f5es, a gerente da unidade do Sesc em Corumb\u00e1, Tain\u00e1 Cambar\u00e1, tamb\u00e9m destacou a import\u00e2ncia da iniciativa. \u201cO patrim\u00f4nio n\u00e3o \u00e9 s\u00f3 esse conjunto arquitet\u00f4nico que n\u00f3s vivenciamos. Eles s\u00e3o nossos h\u00e1bitos, nossos costumes e precisamos de fato entender que somos agentes principais desse dia a dia\u201d, disse.<\/p>\n<p>&nbsp;<\/p>\n<p>\u201c\u00c9 a uma alegria poder estar junto com a Funda\u00e7\u00e3o de Cultura, com a Funda\u00e7\u00e3o de Turismo, com a Educa\u00e7\u00e3o e a Secretaria de Desenvolvimento Sustent\u00e1vel articulando toda a popula\u00e7\u00e3o e tamb\u00e9m o trade para entender que existe todo um turismo cultural, que existe um turismo de experi\u00eancia em nosso munic\u00edpio e nos, se somarmos esfor\u00e7os como estamos fazendo, vamos dar os primeiros passos e colocando Corumb\u00e1 novamente no lugar de destaque e merecimento que \u00e9 essa valoriza\u00e7\u00e3o e expo\u00eancia cultural\u201d, concluiu.<\/p>\n","protected":false},"excerpt":{"rendered":"<p>A celebra\u00e7\u00e3o do centen\u00e1rio do Jardim da Independ\u00eancia come\u00e7ou nessa sexta-feira, 17 de outubro, Dia&#8230;<\/p>\n","protected":false},"author":1,"featured_media":21610,"comment_status":"closed","ping_status":"closed","sticky":false,"template":"","format":"standard","meta":{"footnotes":""},"categories":[8,14],"tags":[],"class_list":["post-21609","post","type-post","status-publish","format-standard","has-post-thumbnail","hentry","category-destaque","category-geral"],"_links":{"self":[{"href":"https:\/\/www.corumbaonline.com.br\/news\/wp-json\/wp\/v2\/posts\/21609","targetHints":{"allow":["GET"]}}],"collection":[{"href":"https:\/\/www.corumbaonline.com.br\/news\/wp-json\/wp\/v2\/posts"}],"about":[{"href":"https:\/\/www.corumbaonline.com.br\/news\/wp-json\/wp\/v2\/types\/post"}],"author":[{"embeddable":true,"href":"https:\/\/www.corumbaonline.com.br\/news\/wp-json\/wp\/v2\/users\/1"}],"replies":[{"embeddable":true,"href":"https:\/\/www.corumbaonline.com.br\/news\/wp-json\/wp\/v2\/comments?post=21609"}],"version-history":[{"count":1,"href":"https:\/\/www.corumbaonline.com.br\/news\/wp-json\/wp\/v2\/posts\/21609\/revisions"}],"predecessor-version":[{"id":21611,"href":"https:\/\/www.corumbaonline.com.br\/news\/wp-json\/wp\/v2\/posts\/21609\/revisions\/21611"}],"wp:featuredmedia":[{"embeddable":true,"href":"https:\/\/www.corumbaonline.com.br\/news\/wp-json\/wp\/v2\/media\/21610"}],"wp:attachment":[{"href":"https:\/\/www.corumbaonline.com.br\/news\/wp-json\/wp\/v2\/media?parent=21609"}],"wp:term":[{"taxonomy":"category","embeddable":true,"href":"https:\/\/www.corumbaonline.com.br\/news\/wp-json\/wp\/v2\/categories?post=21609"},{"taxonomy":"post_tag","embeddable":true,"href":"https:\/\/www.corumbaonline.com.br\/news\/wp-json\/wp\/v2\/tags?post=21609"}],"curies":[{"name":"wp","href":"https:\/\/api.w.org\/{rel}","templated":true}]}}