{"id":21625,"date":"2018-08-20T12:00:27","date_gmt":"2018-08-20T16:00:27","guid":{"rendered":"http:\/\/www.corumbaonline.com.br\/news\/?p=21625"},"modified":"2018-08-20T12:55:54","modified_gmt":"2018-08-20T16:55:54","slug":"com-agosto-lilas-municipio-trabalha-acao-maria-da-penha-vai-ao-terreiro","status":"publish","type":"post","link":"https:\/\/www.corumbaonline.com.br\/news\/com-agosto-lilas-municipio-trabalha-acao-maria-da-penha-vai-ao-terreiro\/","title":{"rendered":"Com Agosto Lil\u00e1s, Munic\u00edpio trabalha a\u00e7\u00e3o Maria da Penha vai ao Terreiro"},"content":{"rendered":"<p>O projeto \u201cMulher do Ax\u00e9, Maria da Penha vai ao Terreiro\u201d foi lan\u00e7ado pela Prefeitura Municipal na noite da sexta-feira, 17 de agosto. A iniciativa integra a campanha Agosto Lil\u00e1s e destacou as a\u00e7\u00f5es do projeto Mulheres do Ax\u00e9 e Mulheres Quilombolas. Todas as atividades s\u00e3o realizadas pela Secretaria Especial de Cidadania e Direitos Humanos, atrav\u00e9s de sua Coordenadoria de Pol\u00edticas P\u00fablicas para as Mulheres.<\/p>\n<p>&nbsp;<\/p>\n<p>Na avalia\u00e7\u00e3o da coordenadora de Pol\u00edticas P\u00fablicas para as Mulheres, W\u00e2nia Alecrim, a Prefeitura de Corumb\u00e1 promove \u201cpol\u00edticas p\u00fablicas para todos os segmentos da sociedade corumbaense, permitindo que suas a\u00e7\u00f5es cheguem a todos\u201d.<\/p>\n<p>&nbsp;<\/p>\n<p>Com o projeto Mulheres do Ax\u00e9 e Mulheres Quilombolas levando orienta\u00e7\u00f5es sobre a Lei Maria da Penha, o coordenador de Promo\u00e7\u00e3o da Igualdade Racial, Jocimar Alves de Campos, afirmou que o Munic\u00edpio se mant\u00e9m \u201catento e vigilante\u201d ao cumprimento do Estatuto da Igualdade Racial e \u201c\u00e0s a\u00e7\u00f5es de combate \u00e0 viol\u00eancia contra a mulher\u201d.<\/p>\n<p>&nbsp;<\/p>\n<p>A primeira-dama e secret\u00e1ria Especial de Cidadania e Direitos Humanos, Amanda Balancieri Iunes, ressaltou que o Munic\u00edpio prima pela garantia de direitos a toda a comunidade. \u201cPrecisamos de pol\u00edticas p\u00fablicas afirmativas, e \u00e9 isso que a prefeitura est\u00e1 realizando. Nossa Secretaria est\u00e1 de portas abertas para trabalhar por toda a comunidade. Estamos aqui para trabalhar pelo desenvolvimento da nossa sociedade. O prefeito Marcelo Iunes n\u00e3o mede esfor\u00e7os para garantir os direitos de cada segmento da sociedade corumbaense\u201d, finalizou. O psic\u00f3logo Juvenal \u00c1vila encerrou a programa\u00e7\u00e3o com apresenta\u00e7\u00e3o de palestra que abordou o tema \u201cIntoler\u00e2ncia Religiosa\u201d.<\/p>\n<p>&nbsp;<\/p>\n<p>A Prefeitura de Corumb\u00e1 abriu oficialmente a campanha Agosto Lil\u00e1s no dia 07 de agosto. O objetivo \u00e9 sensibilizar a sociedade para o fim da viol\u00eancia contra mulheres e meninas por meio de a\u00e7\u00f5es de mobiliza\u00e7\u00e3o, palestras, debates, encontros, panfletagens, eventos e semin\u00e1rios visando \u00e0 divulga\u00e7\u00e3o da Lei Maria da Penha, estendendo-se as atividades durante todo o m\u00eas de agosto, para o p\u00fablico em geral.<\/p>\n<p>&nbsp;<\/p>\n<p>A campanha Agosto Lil\u00e1s tornou-se lei estadual (n\u00b0 4.969) em maio de 2016. No ano seguinte, tornou-se lei municipal (n\u00b0 2.583). Tem o objetivo de difundir nas escolas a Lei Maria da Penha.<\/p>\n<p>&nbsp;<\/p>\n<p>Desde a sua cria\u00e7\u00e3o, a Secretaria Especial de Cidadania e Direitos Humanos, atrav\u00e9s de sua Coordenadoria de Pol\u00edticas P\u00fablicas para as Mulheres, tem realizado palestras informativas n\u00e3o s\u00f3 nas escolas, mas em igrejas, associa\u00e7\u00f5es, CRAS, no Pantanal, assentamentos, rural, no estabelecimento penal e empresas.<\/p>\n","protected":false},"excerpt":{"rendered":"<p>O projeto \u201cMulher do Ax\u00e9, Maria da Penha vai ao Terreiro\u201d foi lan\u00e7ado pela Prefeitura&#8230;<\/p>\n","protected":false},"author":1,"featured_media":21626,"comment_status":"closed","ping_status":"closed","sticky":false,"template":"","format":"standard","meta":{"footnotes":""},"categories":[8,14],"tags":[],"class_list":["post-21625","post","type-post","status-publish","format-standard","has-post-thumbnail","hentry","category-destaque","category-geral"],"_links":{"self":[{"href":"https:\/\/www.corumbaonline.com.br\/news\/wp-json\/wp\/v2\/posts\/21625","targetHints":{"allow":["GET"]}}],"collection":[{"href":"https:\/\/www.corumbaonline.com.br\/news\/wp-json\/wp\/v2\/posts"}],"about":[{"href":"https:\/\/www.corumbaonline.com.br\/news\/wp-json\/wp\/v2\/types\/post"}],"author":[{"embeddable":true,"href":"https:\/\/www.corumbaonline.com.br\/news\/wp-json\/wp\/v2\/users\/1"}],"replies":[{"embeddable":true,"href":"https:\/\/www.corumbaonline.com.br\/news\/wp-json\/wp\/v2\/comments?post=21625"}],"version-history":[{"count":1,"href":"https:\/\/www.corumbaonline.com.br\/news\/wp-json\/wp\/v2\/posts\/21625\/revisions"}],"predecessor-version":[{"id":21627,"href":"https:\/\/www.corumbaonline.com.br\/news\/wp-json\/wp\/v2\/posts\/21625\/revisions\/21627"}],"wp:featuredmedia":[{"embeddable":true,"href":"https:\/\/www.corumbaonline.com.br\/news\/wp-json\/wp\/v2\/media\/21626"}],"wp:attachment":[{"href":"https:\/\/www.corumbaonline.com.br\/news\/wp-json\/wp\/v2\/media?parent=21625"}],"wp:term":[{"taxonomy":"category","embeddable":true,"href":"https:\/\/www.corumbaonline.com.br\/news\/wp-json\/wp\/v2\/categories?post=21625"},{"taxonomy":"post_tag","embeddable":true,"href":"https:\/\/www.corumbaonline.com.br\/news\/wp-json\/wp\/v2\/tags?post=21625"}],"curies":[{"name":"wp","href":"https:\/\/api.w.org\/{rel}","templated":true}]}}