{"id":21648,"date":"2018-08-21T08:53:28","date_gmt":"2018-08-21T12:53:28","guid":{"rendered":"http:\/\/www.corumbaonline.com.br\/news\/?p=21648"},"modified":"2018-08-21T09:22:11","modified_gmt":"2018-08-21T13:22:11","slug":"eleicoes-voto-em-transito-pode-ser-pedido-ate-dia-23","status":"publish","type":"post","link":"https:\/\/www.corumbaonline.com.br\/news\/eleicoes-voto-em-transito-pode-ser-pedido-ate-dia-23\/","title":{"rendered":"Elei\u00e7\u00f5es: voto em tr\u00e2nsito pode ser pedido at\u00e9 dia 23"},"content":{"rendered":"<p>Os eleitores que estar\u00e3o fora do seu domic\u00edlio eleitoral no per\u00edodo das elei\u00e7\u00f5es deste ano, marcadas para outubro, t\u00eam mais tr\u00eas dias para pedir a autoriza\u00e7\u00e3o \u00e0 Justi\u00e7a Eleitoral se pretendem votar em outras cidades.<\/p>\n<p>O prazo para o requerimento come\u00e7ou em 17 de julho e termina na pr\u00f3xima quinta-feira (23), podendo ter validade tanto para o primeiro quanto para o segundo turno, ou ambos.<\/p>\n<p>O voto em tr\u00e2nsito est\u00e1 previsto em leis, como o C\u00f3digo Eleitoral, mas segue algumas restri\u00e7\u00f5es. Essa habilita\u00e7\u00e3o apenas pode ser usada em capitais e munic\u00edpios com mais de 100 mil eleitores. Outro limite tem rela\u00e7\u00e3o com o alcance territorial.<\/p>\n<p>Se a pessoa estiver fora do estado onde tem domic\u00edlio eleitoral, o voto em tr\u00e2nsito vale apenas para a escolha do candidato a presidente da Rep\u00fablica. No caso do deslocamento ser dentro da unidade da Federa\u00e7\u00e3o em que vota, ele poder\u00e1 usar a autoriza\u00e7\u00e3o para escolher tamb\u00e9m governador, senador, deputado federal e deputado estadual.<\/p>\n<p>Para conseguir votar nestas condi\u00e7\u00f5es, os eleitores precisam apenas apresentar um documento oficial com foto em qualquer cart\u00f3rio eleitoral e solicitar sua habilita\u00e7\u00e3o, indicando onde estar\u00e1 durante o pleito.<\/p>\n<p>Essa modalidade s\u00f3 pode ser requerida pelas pessoas que est\u00e3o com situa\u00e7\u00e3o regular no Cadastro Eleitoral.<\/p>\n<h2>Aus\u00eancia deve ser justificada<\/h2>\n<p>Se, no dia da vota\u00e7\u00e3o, o eleitor tiver qualquer problema para comparecer \u00e0 se\u00e7\u00e3o eleitoral definida pelos Tribunais Regionais Eleitorais (TREs) \u2013 que t\u00eam at\u00e9 23 de agosto para atualizar os locais aptos &#8211; ele dever\u00e1 justificar sua aus\u00eancia.<\/p>\n<p>Presos provis\u00f3rios e adolescentes que cumprem medida socioeducativa em unidades de interna\u00e7\u00e3o tamb\u00e9m podem pedir a transfer\u00eancia tempor\u00e1ria para outra se\u00e7\u00e3o eleitoral. Os nomes e dados ser\u00e3o indicados pelos respons\u00e1veis pelas unidades prisionais e de interna\u00e7\u00e3o.<\/p>\n<p>A habilita\u00e7\u00e3o tamb\u00e9m vale para integrantes das For\u00e7as Armadas, Pol\u00edcia Federal, Pol\u00edcia Rodovi\u00e1ria Federal, Pol\u00edcia Ferrovi\u00e1ria Federal, pol\u00edcias civis, pol\u00edcias militares, equipes do Corpo de Bombeiro e tamb\u00e9m de guardas municipais que estiverem em servi\u00e7o em fun\u00e7\u00e3o das elei\u00e7\u00f5es.<\/p>\n<p>Eleitores com defici\u00eancia ou dificuldade de locomo\u00e7\u00e3o que perderam o prazo espec\u00edfico para estes casos (9 de maio), tamb\u00e9m podem pedir a transfer\u00eancia do local de vota\u00e7\u00e3o at\u00e9 o dia 23 de agosto.<\/p>\n","protected":false},"excerpt":{"rendered":"<p>Os eleitores que estar\u00e3o fora do seu domic\u00edlio eleitoral no per\u00edodo das elei\u00e7\u00f5es deste ano,&#8230;<\/p>\n","protected":false},"author":1,"featured_media":21649,"comment_status":"closed","ping_status":"closed","sticky":false,"template":"","format":"standard","meta":{"footnotes":""},"categories":[101,19],"tags":[],"class_list":["post-21648","post","type-post","status-publish","format-standard","has-post-thumbnail","hentry","category-eleicoes","category-politica"],"_links":{"self":[{"href":"https:\/\/www.corumbaonline.com.br\/news\/wp-json\/wp\/v2\/posts\/21648","targetHints":{"allow":["GET"]}}],"collection":[{"href":"https:\/\/www.corumbaonline.com.br\/news\/wp-json\/wp\/v2\/posts"}],"about":[{"href":"https:\/\/www.corumbaonline.com.br\/news\/wp-json\/wp\/v2\/types\/post"}],"author":[{"embeddable":true,"href":"https:\/\/www.corumbaonline.com.br\/news\/wp-json\/wp\/v2\/users\/1"}],"replies":[{"embeddable":true,"href":"https:\/\/www.corumbaonline.com.br\/news\/wp-json\/wp\/v2\/comments?post=21648"}],"version-history":[{"count":1,"href":"https:\/\/www.corumbaonline.com.br\/news\/wp-json\/wp\/v2\/posts\/21648\/revisions"}],"predecessor-version":[{"id":21650,"href":"https:\/\/www.corumbaonline.com.br\/news\/wp-json\/wp\/v2\/posts\/21648\/revisions\/21650"}],"wp:featuredmedia":[{"embeddable":true,"href":"https:\/\/www.corumbaonline.com.br\/news\/wp-json\/wp\/v2\/media\/21649"}],"wp:attachment":[{"href":"https:\/\/www.corumbaonline.com.br\/news\/wp-json\/wp\/v2\/media?parent=21648"}],"wp:term":[{"taxonomy":"category","embeddable":true,"href":"https:\/\/www.corumbaonline.com.br\/news\/wp-json\/wp\/v2\/categories?post=21648"},{"taxonomy":"post_tag","embeddable":true,"href":"https:\/\/www.corumbaonline.com.br\/news\/wp-json\/wp\/v2\/tags?post=21648"}],"curies":[{"name":"wp","href":"https:\/\/api.w.org\/{rel}","templated":true}]}}