{"id":21666,"date":"2018-08-21T11:41:38","date_gmt":"2018-08-21T15:41:38","guid":{"rendered":"http:\/\/www.corumbaonline.com.br\/news\/?p=21666"},"modified":"2018-08-21T11:39:29","modified_gmt":"2018-08-21T15:39:29","slug":"tse-intima-todos-os-candidatos-a-detalharem-declaracao-de-bens","status":"publish","type":"post","link":"https:\/\/www.corumbaonline.com.br\/news\/tse-intima-todos-os-candidatos-a-detalharem-declaracao-de-bens\/","title":{"rendered":"TSE intima todos os candidatos a detalharem declara\u00e7\u00e3o de bens"},"content":{"rendered":"<p>O Tribunal Superior Eleitoral (TSE) intimou na noite de ontem (20) todos os candidatos \u00e0s elei\u00e7\u00f5es deste ano, inclusive os 13 candidatos \u00e0 Presid\u00eancia da Rep\u00fablica, a detalharem a declara\u00e7\u00e3o de bens, ap\u00f3s a Corte recuar de uma simplifica\u00e7\u00e3o no sistema de declara\u00e7\u00f5es para as elei\u00e7\u00f5es deste ano.<\/p>\n<p>Na elei\u00e7\u00e3o de 2014, ao declarar um bem im\u00f3vel, por exemplo, o candidato precisava detalhar al\u00e9m do valor, o tamanho e o endere\u00e7o, mas neste ano tais informa\u00e7\u00f5es n\u00e3o estavam sendo exigidas.<\/p>\n<p>No ano passado, o TSE resolveu simplificar o sistema de presta\u00e7\u00e3o de informa\u00e7\u00f5es, com o intuito de torn\u00e1-lo mais leve e c\u00e9lere, e extraiu os campos de detalhamento na declara\u00e7\u00e3o de bens. Com a repercuss\u00e3o negativa da medida, o ministro Luiz Fux, presidente da Corte at\u00e9 a semana passada, decidiu recuar e reincluir os campos no sistema.<\/p>\n<p>Segundo o TSE, a medida tem por objetivo conferir \u201co maior grau de transpar\u00eancia poss\u00edvel ao processo eleitoral\u201d.<\/p>\n<p>A partir do momento em que foram intimados, todos os candidatos, a todos os cargos, passaram a poder fazer o detalhamento. Ao todo, 27.811 pol\u00edticos tiveram pedidos de registro de candidatura protocolados no TSE.<\/p>\n<p>Somados somente os candidatos \u00e0 Presid\u00eancia da Rep\u00fablica, o patrim\u00f4nio declarado neste ano foi de mais de R$ 834 milh\u00f5es. Os dois mais ricos concentram boa parte dessa quantia: Jo\u00e3o Amo\u00eado (Novo), com R$ 425 milh\u00f5es; e Henrique Meirelles (MDB), com R$ 377,5 milh\u00f5es.<\/p>\n<p>Neste ano, os candidatos t\u00eam permiss\u00e3o, se quiserem, a bancar a integralidade dos gastos de campanha, observados os limites de R$ 70 milh\u00f5es para o primeiro turno e de R$ 35 milh\u00f5es para o segundo turno.<\/p>\n","protected":false},"excerpt":{"rendered":"<p>O Tribunal Superior Eleitoral (TSE) intimou na noite de ontem (20) todos os candidatos \u00e0s&#8230;<\/p>\n","protected":false},"author":1,"featured_media":0,"comment_status":"closed","ping_status":"closed","sticky":false,"template":"","format":"standard","meta":{"footnotes":""},"categories":[101,19],"tags":[],"class_list":["post-21666","post","type-post","status-publish","format-standard","hentry","category-eleicoes","category-politica"],"_links":{"self":[{"href":"https:\/\/www.corumbaonline.com.br\/news\/wp-json\/wp\/v2\/posts\/21666","targetHints":{"allow":["GET"]}}],"collection":[{"href":"https:\/\/www.corumbaonline.com.br\/news\/wp-json\/wp\/v2\/posts"}],"about":[{"href":"https:\/\/www.corumbaonline.com.br\/news\/wp-json\/wp\/v2\/types\/post"}],"author":[{"embeddable":true,"href":"https:\/\/www.corumbaonline.com.br\/news\/wp-json\/wp\/v2\/users\/1"}],"replies":[{"embeddable":true,"href":"https:\/\/www.corumbaonline.com.br\/news\/wp-json\/wp\/v2\/comments?post=21666"}],"version-history":[{"count":1,"href":"https:\/\/www.corumbaonline.com.br\/news\/wp-json\/wp\/v2\/posts\/21666\/revisions"}],"predecessor-version":[{"id":21667,"href":"https:\/\/www.corumbaonline.com.br\/news\/wp-json\/wp\/v2\/posts\/21666\/revisions\/21667"}],"wp:attachment":[{"href":"https:\/\/www.corumbaonline.com.br\/news\/wp-json\/wp\/v2\/media?parent=21666"}],"wp:term":[{"taxonomy":"category","embeddable":true,"href":"https:\/\/www.corumbaonline.com.br\/news\/wp-json\/wp\/v2\/categories?post=21666"},{"taxonomy":"post_tag","embeddable":true,"href":"https:\/\/www.corumbaonline.com.br\/news\/wp-json\/wp\/v2\/tags?post=21666"}],"curies":[{"name":"wp","href":"https:\/\/api.w.org\/{rel}","templated":true}]}}