{"id":21671,"date":"2018-08-21T15:53:05","date_gmt":"2018-08-21T19:53:05","guid":{"rendered":"http:\/\/www.corumbaonline.com.br\/news\/?p=21671"},"modified":"2018-08-21T15:55:03","modified_gmt":"2018-08-21T19:55:03","slug":"vereadores-enaltecem-trabalho-dos-macons-em-prol-da-comunidade-pantaneira","status":"publish","type":"post","link":"https:\/\/www.corumbaonline.com.br\/news\/vereadores-enaltecem-trabalho-dos-macons-em-prol-da-comunidade-pantaneira\/","title":{"rendered":"Vereadores enaltecem trabalho dos ma\u00e7ons em prol da comunidade pantaneira"},"content":{"rendered":"<p><span style=\"color: #000000;\">O trabalho desenvolvido pelos integrantes das Lojas Ma\u00e7\u00f4nicas de Corumb\u00e1 e Lad\u00e1rio foi destacado na noite de ontem, segunda-feira, 20, durante Sess\u00e3o Solene na C\u00e2mara Municipal. O ato celebrou o Dia do Ma\u00e7om no Brasil e, na oportunidade, os vereadores corumbaenses reconheceram o trabalho desenvolvido em prol da comunidade corumbaense e ladarense.<\/span><\/p>\n<p><span style=\"color: #000000;\">A Sess\u00e3o Solene contou com as presen\u00e7as de representantes das Lojas Ma\u00e7\u00f4nicas das duas cidades pantaneiras, bem como da Ordem Demolay, que receberam Mo\u00e7\u00f5es de Congratula\u00e7\u00f5es em reconhecimento aos relevantes servi\u00e7os prestados \u00e0 nossa comunidade, cujos atos promovem a constru\u00e7\u00e3o de uma sociedade justa e solid\u00e1ria.<\/span><\/p>\n<p><span style=\"color: #000000;\">A Sess\u00e3o Solene contou com as presen\u00e7as dos vereadores Evander Vendramini (proponente da homenagem), Ga\u00facho da Pr\u00f3-Art, Roberto Fa\u00e7anha, Gabriel Alves de Oliveira, Domingo Albaneze, Chic\u00e3o Vianna, Carlos Alberto Machado, Andr\u00e9 da Farm\u00e1cia, Crist\u00f3v\u00e3o Contador e Paulo Bertini.<\/span><\/p>\n<p><span style=\"color: #000000;\">O prefeito Marcelo Iunes passou pela C\u00e2mara, conversou com os vereadores e integrantes da Ma\u00e7onaria, mas n\u00e3o participou da Sess\u00e3o Solene, devido a agenda fora do Pa\u00e7o Municipal. Ele foi representado pelo diretor da Ag\u00eancia Municipal Portu\u00e1ria, Jos\u00e9 Antonio Assad e Faria, que fez parte da mesa juntamente com Evander, Ga\u00facho, Mohamad Moussa (Loja Ma\u00e7\u00f4nica Pharol do Norte 356), S\u00e9rgio Luiz Vargas (Loja Ma\u00e7\u00f4nica Caridade e Sil\u00eancio) e Ronaldo Faro Cavalcante (Loja Ma\u00e7\u00f4nica \u00c1lvaro Figueiredo).<\/span><\/p>\n<p><span style=\"color: #000000;\">Mo\u00e7\u00f5es<\/span><\/p>\n<p><span style=\"color: #000000;\">Receberam Mo\u00e7\u00f5es de Congratula\u00e7\u00f5es Mohamad Moussa que representou Joelson Pereira Dib, pela Loja Farol do Norte; Marciolino Gurgel de Vasconcelos, pela Loja Estrela do Oriente; S\u00e9rgio Luiz Vargas que representou Orlando Baracat Junior, pela Loja Caridade e Sil\u00eancio; Roney Vieira Cunha, pela Loja Alvorada do Pantanal.<\/span><\/p>\n<p><span style=\"color: #000000;\">Rodrigo Viana Mello recebeu a homenagem pela Loja Sentinela da Fronteira; Jos\u00e9 Carlos Macena de Brito, pela Loja Const\u00e2ncia e Esperan\u00e7a; Ronaldo Faro Cavalcanti, representado F\u00e1bio Ara\u00fajo Delgado, pela Loja \u00c1lvaro Figueiredo.<\/span><\/p>\n<p><span style=\"color: #000000;\">J\u00e1 em nome da Ordem Demolay \u2013 Cap\u00edtulo Ant\u00f4nio Alarico Faro, a mo\u00e7\u00e3o foi entregue a Ronaldo Faro que representou Bruno Nascimento Migueis, e Mohamad Moussa recebeu a homenagem em nome da Ordem Demolay \u2013 Cap\u00edtulo Pharol do Norte.<\/span><\/p>\n<p><span style=\"color: #000000;\">Marciolino Vasconcelos, na oportunidade, agradeceu a homenagem prestada pela C\u00e2mara e fez um relato do trabalho desenvolvido na regi\u00e3o, bem como sobre o surgimento do Dia do Ma\u00e7om. Mohamad Moussa e Victor Campos tamb\u00e9m utilizaram a tribuna para destacar as a\u00e7\u00f5es da Ma\u00e7onaria e da Ordem Demolay, que conta hoje com mais de 75 mil associados, sendo a maior organiza\u00e7\u00e3o juvenil (12 a 21 anos) do mundo.<\/span><\/p>\n<p><span style=\"color: #000000;\">O presidente da C\u00e2mara lembrou que o Dia do Ma\u00e7om foi inserido no calend\u00e1rio de eventos da cidade pela Lei Ordin\u00e1ria n\u00b0 2424, de 07 de outubro de 2014, que criou o Dia do Ma\u00e7om no Munic\u00edpio de Corumb\u00e1, de autoria do vereador Roberto Fa\u00e7anha.<\/span><\/p>\n<p><span style=\"color: #000000;\">\u201cUma justa homenagem prestada pelos vereadores corumbaenses aos ma\u00e7ons. Foi uma forma de agradecer e reconhecer o trabalho que as lojas e os ma\u00e7ons fazem em prol da comunidade\u201d, ressaltou Evander.<\/span><\/p>\n","protected":false},"excerpt":{"rendered":"<p>O trabalho desenvolvido pelos integrantes das Lojas Ma\u00e7\u00f4nicas de Corumb\u00e1 e Lad\u00e1rio foi destacado na&#8230;<\/p>\n","protected":false},"author":1,"featured_media":21672,"comment_status":"closed","ping_status":"closed","sticky":false,"template":"","format":"standard","meta":{"footnotes":""},"categories":[8,19],"tags":[],"class_list":["post-21671","post","type-post","status-publish","format-standard","has-post-thumbnail","hentry","category-destaque","category-politica"],"_links":{"self":[{"href":"https:\/\/www.corumbaonline.com.br\/news\/wp-json\/wp\/v2\/posts\/21671","targetHints":{"allow":["GET"]}}],"collection":[{"href":"https:\/\/www.corumbaonline.com.br\/news\/wp-json\/wp\/v2\/posts"}],"about":[{"href":"https:\/\/www.corumbaonline.com.br\/news\/wp-json\/wp\/v2\/types\/post"}],"author":[{"embeddable":true,"href":"https:\/\/www.corumbaonline.com.br\/news\/wp-json\/wp\/v2\/users\/1"}],"replies":[{"embeddable":true,"href":"https:\/\/www.corumbaonline.com.br\/news\/wp-json\/wp\/v2\/comments?post=21671"}],"version-history":[{"count":1,"href":"https:\/\/www.corumbaonline.com.br\/news\/wp-json\/wp\/v2\/posts\/21671\/revisions"}],"predecessor-version":[{"id":21673,"href":"https:\/\/www.corumbaonline.com.br\/news\/wp-json\/wp\/v2\/posts\/21671\/revisions\/21673"}],"wp:featuredmedia":[{"embeddable":true,"href":"https:\/\/www.corumbaonline.com.br\/news\/wp-json\/wp\/v2\/media\/21672"}],"wp:attachment":[{"href":"https:\/\/www.corumbaonline.com.br\/news\/wp-json\/wp\/v2\/media?parent=21671"}],"wp:term":[{"taxonomy":"category","embeddable":true,"href":"https:\/\/www.corumbaonline.com.br\/news\/wp-json\/wp\/v2\/categories?post=21671"},{"taxonomy":"post_tag","embeddable":true,"href":"https:\/\/www.corumbaonline.com.br\/news\/wp-json\/wp\/v2\/tags?post=21671"}],"curies":[{"name":"wp","href":"https:\/\/api.w.org\/{rel}","templated":true}]}}