{"id":21684,"date":"2018-08-21T17:05:32","date_gmt":"2018-08-21T21:05:32","guid":{"rendered":"http:\/\/www.corumbaonline.com.br\/news\/?p=21684"},"modified":"2018-08-21T16:46:04","modified_gmt":"2018-08-21T20:46:04","slug":"apos-candidatura-ao-governo-cnj-tira-escolta-da-pf-de-odilon-de-oliveira","status":"publish","type":"post","link":"https:\/\/www.corumbaonline.com.br\/news\/apos-candidatura-ao-governo-cnj-tira-escolta-da-pf-de-odilon-de-oliveira\/","title":{"rendered":"Ap\u00f3s candidatura ao Governo, CNJ tira escolta da PF de Odilon de Oliveira"},"content":{"rendered":"<p>Candidato ao Governo do Estado pelo PDT, o juiz aposentado Odilon de Oliveira perdeu o direto \u00e0 prote\u00e7\u00e3o da Pol\u00edcia Federal 24 horas por dia. Recurso a que o pol\u00edtico tinha acesso em raz\u00e3o de amea\u00e7as durante o per\u00edodo em que atuou como magistrado em processos envolvendo o narcotr\u00e1fico.<\/p>\n<p>A decis\u00e3o foi do CNJ (Conselho Nacional de Justi\u00e7a) que nesta ter\u00e7a-feira (21) julgou pedido de Odilon que queria permanecer com a escolta da PF mesmo depois da aposentadoria, ocorrida em setembro do ano passado.<\/p>\n<p>Al\u00e9m de manter homens da PF armados o protegendo, o juiz aposentado solicitou amplia\u00e7\u00e3o da prote\u00e7\u00e3o junto ao CNJ.\u00a0\u00a0A decis\u00e3o do relator do caso, conselheiro Marcio Schiefler se baseou em posicionamento do diretor-geral da PF, Rog\u00e9rio Galloro.<\/p>\n<p>O chefe da PF afirmou que os motivos para os quais a prote\u00e7\u00e3o era necess\u00e1ria n\u00e3o est\u00e3o mais presentes desde que Odilon se aposentou e, por isso, a PF se manifestou contr\u00e1ria \u00e0 manuten\u00e7\u00e3o da prote\u00e7\u00e3o.<\/p>\n<p>O relator do caso tamb\u00e9m afirmou que o juiz, ao decidir ingressar na vida pol\u00edtica, assumiu os riscos sobre sua seguran\u00e7a. Para o relator, se a seguran\u00e7a 24 horas fosse mantida, Odilon teria vantagem na corrida eleitoral em rela\u00e7\u00e3o aos outros candidatos.<\/p>\n<p>\u201cO fato de se lan\u00e7ar candidato ao cargo de governador representa um agravamento do risco \u2013 promovido por ele mesmo \u2013, tendo em vista a rotina de uma campanha pol\u00edtica. Envolve encontros com lideran\u00e7as pol\u00edticas, correligion\u00e1rios, o que n\u00e3o raro ocorre em rinc\u00f5es remotos, al\u00e9m da ampla divulga\u00e7\u00e3o da agenda. Apenas os candidatos \u00e0 Presid\u00eancia da Rep\u00fablica t\u00eam direito a escolta da Pol\u00edcia Federal. Isso ofende a garantia b\u00e1sica de igual competitividade que deve sempre prevalecer nas disputas eleitorais\u201d, disse o relator<\/p>\n<p>Al\u00e9m de\u00a0Schiefler, tamb\u00e9m votaram pelo fim da prote\u00e7\u00e3o especial outros oito conselheiros, incluindo a ministro do STF (Supremo Tribunal Federal), C\u00e1rmen L\u00facia.<\/p>\n<p>Ainda conforme decidiu o conselho, a retirada da seguran\u00e7a de Odilon ser\u00e1 de forma gradual, ou seja, os seguran\u00e7as ser\u00e3o desmobilizados aos poucos.<\/p>\n<h1>Vai recorrer<\/h1>\n<p>Por meio da assessoria de imprensa, Odilon afirmou que ir\u00e1 recorrer no CNJ da decis\u00e3o e que se for necess\u00e1rio, pode ingressar com a\u00e7\u00e3o na Justi\u00e7a Federal contra a Uni\u00e3o.<\/p>\n","protected":false},"excerpt":{"rendered":"<p>Candidato ao Governo do Estado pelo PDT, o juiz aposentado Odilon de Oliveira perdeu o&#8230;<\/p>\n","protected":false},"author":1,"featured_media":21685,"comment_status":"closed","ping_status":"closed","sticky":false,"template":"","format":"standard","meta":{"footnotes":""},"categories":[101,19],"tags":[],"class_list":["post-21684","post","type-post","status-publish","format-standard","has-post-thumbnail","hentry","category-eleicoes","category-politica"],"_links":{"self":[{"href":"https:\/\/www.corumbaonline.com.br\/news\/wp-json\/wp\/v2\/posts\/21684","targetHints":{"allow":["GET"]}}],"collection":[{"href":"https:\/\/www.corumbaonline.com.br\/news\/wp-json\/wp\/v2\/posts"}],"about":[{"href":"https:\/\/www.corumbaonline.com.br\/news\/wp-json\/wp\/v2\/types\/post"}],"author":[{"embeddable":true,"href":"https:\/\/www.corumbaonline.com.br\/news\/wp-json\/wp\/v2\/users\/1"}],"replies":[{"embeddable":true,"href":"https:\/\/www.corumbaonline.com.br\/news\/wp-json\/wp\/v2\/comments?post=21684"}],"version-history":[{"count":1,"href":"https:\/\/www.corumbaonline.com.br\/news\/wp-json\/wp\/v2\/posts\/21684\/revisions"}],"predecessor-version":[{"id":21686,"href":"https:\/\/www.corumbaonline.com.br\/news\/wp-json\/wp\/v2\/posts\/21684\/revisions\/21686"}],"wp:featuredmedia":[{"embeddable":true,"href":"https:\/\/www.corumbaonline.com.br\/news\/wp-json\/wp\/v2\/media\/21685"}],"wp:attachment":[{"href":"https:\/\/www.corumbaonline.com.br\/news\/wp-json\/wp\/v2\/media?parent=21684"}],"wp:term":[{"taxonomy":"category","embeddable":true,"href":"https:\/\/www.corumbaonline.com.br\/news\/wp-json\/wp\/v2\/categories?post=21684"},{"taxonomy":"post_tag","embeddable":true,"href":"https:\/\/www.corumbaonline.com.br\/news\/wp-json\/wp\/v2\/tags?post=21684"}],"curies":[{"name":"wp","href":"https:\/\/api.w.org\/{rel}","templated":true}]}}