{"id":21694,"date":"2018-08-22T08:13:59","date_gmt":"2018-08-22T12:13:59","guid":{"rendered":"http:\/\/www.corumbaonline.com.br\/news\/?p=21694"},"modified":"2018-08-22T08:26:44","modified_gmt":"2018-08-22T12:26:44","slug":"em-projeto-escolar-alunos-da-escola-rachid-bardauil-entrevistam-prefeito","status":"publish","type":"post","link":"https:\/\/www.corumbaonline.com.br\/news\/em-projeto-escolar-alunos-da-escola-rachid-bardauil-entrevistam-prefeito\/","title":{"rendered":"Em projeto escolar, alunos da escola Rachid Bardauil entrevistam prefeito"},"content":{"rendered":"<p>Alunos do 3\u00b0 ano do ensino fundamental da Escola Municipal Rachid Bardauil entrevistaram o prefeito Marcelo Iunes na manh\u00e3 desta ter\u00e7a-feira, 21 de agosto. A iniciativa integra o projeto \u201cTodo lugar tem uma hist\u00f3ria para contar \u2013 Construindo nossa hist\u00f3ria com amor\u201d, realizado pelo Grupo Votorantim em parceria com a pr\u00f3pria unidade de ensino.<\/p>\n<p>A ideia do projeto, explicou a coordenadora Suzimeire Neves, consiste em registrar a hist\u00f3ria da cidade e seus moradores pela vis\u00e3o dos jovens estudantes.<\/p>\n<p>Sob a coordena\u00e7\u00e3o da professora Eliney Andrade, regente do 3\u00b0 ano \u2013 turma A, os alunos (na faixa et\u00e1ria entre 7 e 8 anos de idade) elaboraram 20 perguntas para o prefeito. Os questionamentos abordaram como foi a inf\u00e2ncia do chefe do Executivo corumbaense; a import\u00e2ncia dos pais e da fam\u00edlia na vida dele em sua vida; os estudos e a chegada \u00e0 pol\u00edtica.<\/p>\n<p>Durante a conversa com os estudantes, que durou cerca de 30 minutos, Caroline \u2013 uma das alunas \u2013 contou que deseja ser prefeita de Corumb\u00e1. Para ela, e os demais estudantes, Marcelo Iunes deu como conselho a import\u00e2ncia de seguir se empenhando na escola e sempre dar prosseguimento aos estudos para que possa alcan\u00e7ar o objetivo.<\/p>\n<p>\u201cFiquei muito feliz de ter sido escolhido pelos alunos, \u00e9 importante estarmos pr\u00f3ximos das escolas e assim conhecermos as necessidades dos estudantes, professores e do pr\u00f3prio estabelecimento de ensino\u201d, afirmou Iunes.<\/p>\n<p>A entrevista ser\u00e1 parte de um livro a ser editado pelo projeto \u201cTodo lugar tem uma hist\u00f3ria para contar\u201d e tamb\u00e9m vai ser disponibilizada no You Tube, tamb\u00e9m por iniciativa do projeto escolar.<\/p>\n","protected":false},"excerpt":{"rendered":"<p>Alunos do 3\u00b0 ano do ensino fundamental da Escola Municipal Rachid Bardauil entrevistaram o prefeito&#8230;<\/p>\n","protected":false},"author":1,"featured_media":21695,"comment_status":"closed","ping_status":"closed","sticky":false,"template":"","format":"standard","meta":{"footnotes":""},"categories":[8,10],"tags":[],"class_list":["post-21694","post","type-post","status-publish","format-standard","has-post-thumbnail","hentry","category-destaque","category-educacao"],"_links":{"self":[{"href":"https:\/\/www.corumbaonline.com.br\/news\/wp-json\/wp\/v2\/posts\/21694","targetHints":{"allow":["GET"]}}],"collection":[{"href":"https:\/\/www.corumbaonline.com.br\/news\/wp-json\/wp\/v2\/posts"}],"about":[{"href":"https:\/\/www.corumbaonline.com.br\/news\/wp-json\/wp\/v2\/types\/post"}],"author":[{"embeddable":true,"href":"https:\/\/www.corumbaonline.com.br\/news\/wp-json\/wp\/v2\/users\/1"}],"replies":[{"embeddable":true,"href":"https:\/\/www.corumbaonline.com.br\/news\/wp-json\/wp\/v2\/comments?post=21694"}],"version-history":[{"count":1,"href":"https:\/\/www.corumbaonline.com.br\/news\/wp-json\/wp\/v2\/posts\/21694\/revisions"}],"predecessor-version":[{"id":21696,"href":"https:\/\/www.corumbaonline.com.br\/news\/wp-json\/wp\/v2\/posts\/21694\/revisions\/21696"}],"wp:featuredmedia":[{"embeddable":true,"href":"https:\/\/www.corumbaonline.com.br\/news\/wp-json\/wp\/v2\/media\/21695"}],"wp:attachment":[{"href":"https:\/\/www.corumbaonline.com.br\/news\/wp-json\/wp\/v2\/media?parent=21694"}],"wp:term":[{"taxonomy":"category","embeddable":true,"href":"https:\/\/www.corumbaonline.com.br\/news\/wp-json\/wp\/v2\/categories?post=21694"},{"taxonomy":"post_tag","embeddable":true,"href":"https:\/\/www.corumbaonline.com.br\/news\/wp-json\/wp\/v2\/tags?post=21694"}],"curies":[{"name":"wp","href":"https:\/\/api.w.org\/{rel}","templated":true}]}}