{"id":21726,"date":"2018-08-22T11:28:43","date_gmt":"2018-08-22T15:28:43","guid":{"rendered":"http:\/\/www.corumbaonline.com.br\/news\/?p=21726"},"modified":"2018-08-22T13:23:46","modified_gmt":"2018-08-22T17:23:46","slug":"por-causa-do-frio-festival-estudantil-da-cancao-sera-realizado-na-proxima-semana","status":"publish","type":"post","link":"https:\/\/www.corumbaonline.com.br\/news\/por-causa-do-frio-festival-estudantil-da-cancao-sera-realizado-na-proxima-semana\/","title":{"rendered":"Por causa do frio, Festival Estudantil da Can\u00e7\u00e3o ser\u00e1 realizado na pr\u00f3xima semana"},"content":{"rendered":"<p>Atendendo solicita\u00e7\u00f5es dos estudantes e das escolas envolvidas na festa, a comiss\u00e3o organizadora do Festival Estudantil da Can\u00e7\u00e3o de Corumb\u00e1 (FECC 2018) decidiu alterar a data de realiza\u00e7\u00e3o do evento. Por causa do frio e da chuva, o FECC \u2013 que aconteceria neste fim de semana \u2013 foi remarcado para os dias 30, 31 de agosto e 1\u00ba de setembro.<\/p>\n<p>&nbsp;<\/p>\n<p>O local continua mesmo, o Gin\u00e1sio Poliesportivo Luc\u00edlio de Medeiros, assim como os hor\u00e1rios. J\u00e1 o ensaio geral acontece no dia 29 de agosto, quarta-feira. O Festival Estudantil da Can\u00e7\u00e3o \u00e9 promovido pela Prefeitura de Corumb\u00e1, por meio da Secretaria Especial da Cidadania e Direitos Humanos e da Secretaria Municipal de Educa\u00e7\u00e3o.<\/p>\n<p>&nbsp;<\/p>\n<p>O FECC 2018 ter\u00e1 a participa\u00e7\u00e3o de 43 estudantes das redes p\u00fablica e particular de ensino da cidade. Na categoria Infantil, ser\u00e3o nove competidores; na Juvenil s\u00e3o 12; cinco na Adulto; 15 na Gospel; e dois na categoria Especial. O resultado final dos classificados na etapa Seletiva Eliminat\u00f3ria, realizada no per\u00edodo de 09 a 13 de julho, pode ser conferido no\u00a0<em><strong><a href=\"http:\/\/do.corumba.ms.gov.br\/portal\/edicoes\/download\/3131\" target=\"_blank\" rel=\"noopener noreferrer\">DIOCORUMB\u00c1 do \u00faltimo dia 17 de julho<\/a>.<\/strong><\/em><\/p>\n<p>&nbsp;<\/p>\n<p>Nesta edi\u00e7\u00e3o, o Festival abriu mais uma categoria, que \u00e9 a dos Profissionais de Educa\u00e7\u00e3o. O evento conta com apoio da Funda\u00e7\u00e3o de Esportes de Corumb\u00e1 (Funec) e da Cultura e do Patrim\u00f4nio Hist\u00f3rico de Corumb\u00e1. Participam do FECC os alunos da rede p\u00fablica municipal, estadual ou federal, bem como os da rede privada de ensino, de qualquer etapa da Educa\u00e7\u00e3o B\u00e1sica ou do Ensino Superior.<\/p>\n","protected":false},"excerpt":{"rendered":"<p>Atendendo solicita\u00e7\u00f5es dos estudantes e das escolas envolvidas na festa, a comiss\u00e3o organizadora do Festival&#8230;<\/p>\n","protected":false},"author":1,"featured_media":21727,"comment_status":"closed","ping_status":"closed","sticky":false,"template":"","format":"standard","meta":{"footnotes":""},"categories":[7],"tags":[],"class_list":["post-21726","post","type-post","status-publish","format-standard","has-post-thumbnail","hentry","category-cultura"],"_links":{"self":[{"href":"https:\/\/www.corumbaonline.com.br\/news\/wp-json\/wp\/v2\/posts\/21726","targetHints":{"allow":["GET"]}}],"collection":[{"href":"https:\/\/www.corumbaonline.com.br\/news\/wp-json\/wp\/v2\/posts"}],"about":[{"href":"https:\/\/www.corumbaonline.com.br\/news\/wp-json\/wp\/v2\/types\/post"}],"author":[{"embeddable":true,"href":"https:\/\/www.corumbaonline.com.br\/news\/wp-json\/wp\/v2\/users\/1"}],"replies":[{"embeddable":true,"href":"https:\/\/www.corumbaonline.com.br\/news\/wp-json\/wp\/v2\/comments?post=21726"}],"version-history":[{"count":1,"href":"https:\/\/www.corumbaonline.com.br\/news\/wp-json\/wp\/v2\/posts\/21726\/revisions"}],"predecessor-version":[{"id":21728,"href":"https:\/\/www.corumbaonline.com.br\/news\/wp-json\/wp\/v2\/posts\/21726\/revisions\/21728"}],"wp:featuredmedia":[{"embeddable":true,"href":"https:\/\/www.corumbaonline.com.br\/news\/wp-json\/wp\/v2\/media\/21727"}],"wp:attachment":[{"href":"https:\/\/www.corumbaonline.com.br\/news\/wp-json\/wp\/v2\/media?parent=21726"}],"wp:term":[{"taxonomy":"category","embeddable":true,"href":"https:\/\/www.corumbaonline.com.br\/news\/wp-json\/wp\/v2\/categories?post=21726"},{"taxonomy":"post_tag","embeddable":true,"href":"https:\/\/www.corumbaonline.com.br\/news\/wp-json\/wp\/v2\/tags?post=21726"}],"curies":[{"name":"wp","href":"https:\/\/api.w.org\/{rel}","templated":true}]}}