{"id":21731,"date":"2018-08-22T12:00:52","date_gmt":"2018-08-22T16:00:52","guid":{"rendered":"http:\/\/www.corumbaonline.com.br\/news\/?p=21731"},"modified":"2018-08-22T13:27:36","modified_gmt":"2018-08-22T17:27:36","slug":"com-conselho-de-diretores-municipio-vai-discutir-acoes-para-reme","status":"publish","type":"post","link":"https:\/\/www.corumbaonline.com.br\/news\/com-conselho-de-diretores-municipio-vai-discutir-acoes-para-reme\/","title":{"rendered":"Com Conselho de Diretores; Munic\u00edpio vai discutir a\u00e7\u00f5es para REME"},"content":{"rendered":"<p>O Conselho dos Diretores da Rede Municipal de Ensino reuniu-se pela primeira vez na tarde da ter\u00e7a-feira, 21 de agosto. Al\u00e9m do secret\u00e1rio Municipal de Educa\u00e7\u00e3o, o Conselho \u00e9 formado por diretores representantes dos segmentos de Escolas Regulares Urbanas; Centros de Educa\u00e7\u00e3o Infantil (CEIs); Escolas Rurais das \u00c1guas; Escolas Rurais do Campo e Escolas de Per\u00edodo Integral.<\/p>\n<p>&nbsp;<\/p>\n<p>\u201cEste Conselho tem como fun\u00e7\u00e3o principal ajudar o secret\u00e1rio de Educa\u00e7\u00e3o nas a\u00e7\u00f5es a serem desenvolvidas na Rede Municipal de Ensino. Os conselheiros v\u00e3o atuar como assessoria e consultoria nas decis\u00f5es, que ser\u00e3o tomadas conjuntamente\u201d, explicou o titular da Secretaria Municipal de Educa\u00e7\u00e3o, Genilson Canavarro de Abreu.<\/p>\n<p>&nbsp;<\/p>\n<p>De acordo com o secret\u00e1rio, os conselheiros foram escolhidos pelos pr\u00f3prios diretores para represent\u00e1-los. \u201cVamos normatizar o Conselho para que ele tenha legalidade e possamos nos reunir para discutir a\u00e7\u00f5es para a educa\u00e7\u00e3o de Corumb\u00e1\u201d, disse Genilson. As reuni\u00f5es ser\u00e3o realizadas uma vez por m\u00eas.<\/p>\n<p>&nbsp;<\/p>\n<p>Formam o Conselho dos Diretores da Rede Municipal de Ensino, al\u00e9m do secret\u00e1rio Municipal, Ver\u00f4nica Chaparro de Lucena (Escolas Regulares Urbanas); Janil Gonzaga da Rosa e Souza (Centros de Educa\u00e7\u00e3o Infantil); Rosimeri dos Santos (Escolas Rurais das \u00c1guas); Rosimeire Esteves dos Santos (Escolas Rurais do Campo) e Jonathan Gon\u00e7alves dos Santos (Escolas de Per\u00edodo Integral).<\/p>\n","protected":false},"excerpt":{"rendered":"<p>O Conselho dos Diretores da Rede Municipal de Ensino reuniu-se pela primeira vez na tarde&#8230;<\/p>\n","protected":false},"author":1,"featured_media":21732,"comment_status":"closed","ping_status":"closed","sticky":false,"template":"","format":"standard","meta":{"footnotes":""},"categories":[8,10],"tags":[],"class_list":["post-21731","post","type-post","status-publish","format-standard","has-post-thumbnail","hentry","category-destaque","category-educacao"],"_links":{"self":[{"href":"https:\/\/www.corumbaonline.com.br\/news\/wp-json\/wp\/v2\/posts\/21731","targetHints":{"allow":["GET"]}}],"collection":[{"href":"https:\/\/www.corumbaonline.com.br\/news\/wp-json\/wp\/v2\/posts"}],"about":[{"href":"https:\/\/www.corumbaonline.com.br\/news\/wp-json\/wp\/v2\/types\/post"}],"author":[{"embeddable":true,"href":"https:\/\/www.corumbaonline.com.br\/news\/wp-json\/wp\/v2\/users\/1"}],"replies":[{"embeddable":true,"href":"https:\/\/www.corumbaonline.com.br\/news\/wp-json\/wp\/v2\/comments?post=21731"}],"version-history":[{"count":1,"href":"https:\/\/www.corumbaonline.com.br\/news\/wp-json\/wp\/v2\/posts\/21731\/revisions"}],"predecessor-version":[{"id":21733,"href":"https:\/\/www.corumbaonline.com.br\/news\/wp-json\/wp\/v2\/posts\/21731\/revisions\/21733"}],"wp:featuredmedia":[{"embeddable":true,"href":"https:\/\/www.corumbaonline.com.br\/news\/wp-json\/wp\/v2\/media\/21732"}],"wp:attachment":[{"href":"https:\/\/www.corumbaonline.com.br\/news\/wp-json\/wp\/v2\/media?parent=21731"}],"wp:term":[{"taxonomy":"category","embeddable":true,"href":"https:\/\/www.corumbaonline.com.br\/news\/wp-json\/wp\/v2\/categories?post=21731"},{"taxonomy":"post_tag","embeddable":true,"href":"https:\/\/www.corumbaonline.com.br\/news\/wp-json\/wp\/v2\/tags?post=21731"}],"curies":[{"name":"wp","href":"https:\/\/api.w.org\/{rel}","templated":true}]}}