{"id":21772,"date":"2018-08-23T10:35:38","date_gmt":"2018-08-23T14:35:38","guid":{"rendered":"http:\/\/www.corumbaonline.com.br\/news\/?p=21772"},"modified":"2018-08-23T11:37:31","modified_gmt":"2018-08-23T15:37:31","slug":"projeto-de-lei-preve-criacao-do-fundo-de-seguranca-publica-de-corumba","status":"publish","type":"post","link":"https:\/\/www.corumbaonline.com.br\/news\/projeto-de-lei-preve-criacao-do-fundo-de-seguranca-publica-de-corumba\/","title":{"rendered":"Projeto de Lei prev\u00ea cria\u00e7\u00e3o do Fundo de Seguran\u00e7a P\u00fablica de Corumb\u00e1"},"content":{"rendered":"<p><span style=\"color: #000000;\">Tramita na C\u00e2mara de Corumb\u00e1, um Projeto de Lei que cria o Fundo Municipal de Seguran\u00e7a P\u00fablica (FUNSEG), que a finalidade de proporcionar recursos para financiar programas, projetos, conv\u00eanios, termos de coopera\u00e7\u00e3o e contratos relacionados a a\u00e7\u00f5es de seguran\u00e7a e ao desenvolvimento da pol\u00edtica de seguran\u00e7a p\u00fablica corumbaense.<\/span><\/p>\n<p><span style=\"color: #000000;\">A proposta foi apresentada durante sess\u00e3o da C\u00e2mara pelo vereador Andr\u00e9 da Farm\u00e1cia que destacou a import\u00e2ncia do Projeto de Lei que vai \u201camparar financeiramente os projetos, conv\u00eanios e outras a\u00e7\u00f5es da \u00e1rea de seguran\u00e7a p\u00fablica, visando preven\u00e7\u00e3o e combate \u00e0 viol\u00eancia em nossa regi\u00e3o\u201d.<\/span><\/p>\n<p><span style=\"color: #000000;\">Andr\u00e9 lembrou que a iniciativa vai permitir a forma\u00e7\u00e3o e capacita\u00e7\u00e3o profissional dos servidores da Guarda Municipal; o desenvolvimento e manuten\u00e7\u00e3o de sistemas de informa\u00e7\u00e3o e arquivos de dados relacionados \u00e0 seguran\u00e7a de Corumb\u00e1; amplia\u00e7\u00e3o, manuten\u00e7\u00e3o, opera\u00e7\u00e3o e aperfei\u00e7oamento do servi\u00e7o de v\u00eddeo monitoramento; realiza\u00e7\u00e3o de eventos que promovam a preven\u00e7\u00e3o \u00e0 viol\u00eancia e ao crime; adequa\u00e7\u00e3o, moderniza\u00e7\u00e3o e aquisi\u00e7\u00e3o de equipamentos de uso constante da Guarda Municipal; bem como apoio financeiro a programas e projetos envolvidos em atividades de Seguran\u00e7a P\u00fablica.<\/span><\/p>\n<p><span style=\"color: #000000;\">Pelo Projeto de Lei, as receitas do FUNSEG ser\u00e3o constitu\u00eddas das dota\u00e7\u00f5es consignadas anualmente no or\u00e7amento do Munic\u00edpio e recursos adicionais que a Lei estabelecer no transcorrer de cada exerc\u00edcio; doa\u00e7\u00f5es arrecadadas atrav\u00e9s de campanhas de divulga\u00e7\u00e3o permanentes, aux\u00edlios, contribui\u00e7\u00f5es que lhe venham a ser destinados ao fundo.<\/span><\/p>\n<p><span style=\"color: #000000;\">Das receitas decorrentes de conv\u00eanios ou termo de coopera\u00e7\u00e3o entre o Munic\u00edpio e o poder p\u00fablico ou entidades privadas, nacionais ou internacionais, acordos ou transa\u00e7\u00f5es judiciais, etc.; das doa\u00e7\u00f5es ou legados destinados ao Fundo Municipal de Seguran\u00e7a P\u00fablica, por pessoas f\u00edsicas e jur\u00eddicas, nacional ou estrangeira.<\/span><\/p>\n<p><span style=\"color: #000000;\">Ser\u00e3o constitu\u00eddas ainda de aux\u00edlios e subven\u00e7\u00f5es espec\u00edficos, concedidos por \u00f3rg\u00e3os p\u00fablicos federais, estaduais e por entidades privadas; VI &#8211; transfer\u00eancias de outros Fundos; de receitas das aliena\u00e7\u00f5es de bens m\u00f3veis inserv\u00edveis utilizados pela Guarda Municipal; rendimentos das aplica\u00e7\u00f5es financeiras de seus recursos; os provenientes de termos de ajustamento de conduta, al\u00e9m de outros recursos que lhe forem destinados.<\/span><\/p>\n<p><span style=\"color: #000000;\">O Fundo Municipal de Seguran\u00e7a ficar\u00e1 vinculado diretamente ao Secret\u00e1rio Municipal de Seguran\u00e7a P\u00fablica e Defesa Social, tendo sua destina\u00e7\u00e3o liberada por meio de projetos, programas e atividades aprovados pelo Conselho Gestor do Fundo que ser\u00e1 constitu\u00eddo por cinco membros titulares e seus respectivos suplentes.<\/span><\/p>\n<p><span style=\"color: #000000;\">Caber\u00e1 ao Conselho Gestor gerir o FUNSEG; planejar a aplica\u00e7\u00e3o anual dos recursos do fundo para dar cumprimento dos objetivos, finalidades e diretrizes estabelecidas nesta lei; acompanhar e fiscalizar a aplica\u00e7\u00e3o dos recursos do fundo, solicitando, se necess\u00e1rio, o aux\u00edlio do \u00f3rg\u00e3o de finan\u00e7as do Executivo.<\/span><\/p>\n<p><span style=\"color: #000000;\">Compete tamb\u00e9m elaborar propostas de conv\u00eanios, acordos e contratos a serem firmados entre a Guarda Municipal e entidades p\u00fablicas ou privadas; suspender o desembolso de recurso caso sejam constatadas irregularidades na aplica\u00e7\u00e3o; aprovar semestralmente as demonstra\u00e7\u00f5es de receitas e despesas do Fundo; encaminhar o relat\u00f3rio anual de atividades desenvolvidas ao prefeito; prestar contas da gest\u00e3o do Fundo, na forma prevista em leis e regulamentos; al\u00e9m de elaborar seu regimento interno.<\/span><\/p>\n","protected":false},"excerpt":{"rendered":"<p>Tramita na C\u00e2mara de Corumb\u00e1, um Projeto de Lei que cria o Fundo Municipal de&#8230;<\/p>\n","protected":false},"author":1,"featured_media":21773,"comment_status":"closed","ping_status":"closed","sticky":false,"template":"","format":"standard","meta":{"footnotes":""},"categories":[19],"tags":[],"class_list":["post-21772","post","type-post","status-publish","format-standard","has-post-thumbnail","hentry","category-politica"],"_links":{"self":[{"href":"https:\/\/www.corumbaonline.com.br\/news\/wp-json\/wp\/v2\/posts\/21772","targetHints":{"allow":["GET"]}}],"collection":[{"href":"https:\/\/www.corumbaonline.com.br\/news\/wp-json\/wp\/v2\/posts"}],"about":[{"href":"https:\/\/www.corumbaonline.com.br\/news\/wp-json\/wp\/v2\/types\/post"}],"author":[{"embeddable":true,"href":"https:\/\/www.corumbaonline.com.br\/news\/wp-json\/wp\/v2\/users\/1"}],"replies":[{"embeddable":true,"href":"https:\/\/www.corumbaonline.com.br\/news\/wp-json\/wp\/v2\/comments?post=21772"}],"version-history":[{"count":1,"href":"https:\/\/www.corumbaonline.com.br\/news\/wp-json\/wp\/v2\/posts\/21772\/revisions"}],"predecessor-version":[{"id":21774,"href":"https:\/\/www.corumbaonline.com.br\/news\/wp-json\/wp\/v2\/posts\/21772\/revisions\/21774"}],"wp:featuredmedia":[{"embeddable":true,"href":"https:\/\/www.corumbaonline.com.br\/news\/wp-json\/wp\/v2\/media\/21773"}],"wp:attachment":[{"href":"https:\/\/www.corumbaonline.com.br\/news\/wp-json\/wp\/v2\/media?parent=21772"}],"wp:term":[{"taxonomy":"category","embeddable":true,"href":"https:\/\/www.corumbaonline.com.br\/news\/wp-json\/wp\/v2\/categories?post=21772"},{"taxonomy":"post_tag","embeddable":true,"href":"https:\/\/www.corumbaonline.com.br\/news\/wp-json\/wp\/v2\/tags?post=21772"}],"curies":[{"name":"wp","href":"https:\/\/api.w.org\/{rel}","templated":true}]}}