{"id":21775,"date":"2018-08-23T10:49:43","date_gmt":"2018-08-23T14:49:43","guid":{"rendered":"http:\/\/www.corumbaonline.com.br\/news\/?p=21775"},"modified":"2018-08-23T11:39:23","modified_gmt":"2018-08-23T15:39:23","slug":"corumba-promove-formacao-para-professores-do-nucleo-de-tecnologia","status":"publish","type":"post","link":"https:\/\/www.corumbaonline.com.br\/news\/corumba-promove-formacao-para-professores-do-nucleo-de-tecnologia\/","title":{"rendered":"Corumb\u00e1 promove forma\u00e7\u00e3o para professores do N\u00facleo de Tecnologia"},"content":{"rendered":"<p>A Prefeitura de Corumb\u00e1, por meio da Secretaria Municipal de Educa\u00e7\u00e3o, promove ao longo da manh\u00e3 desta quinta-feira, 23 de agosto, o II NTEC na Escola. A forma\u00e7\u00e3o acontece na Escola CAIC Padre Ernesto Sassida.<\/p>\n<p>\u201c\u00c9 uma forma\u00e7\u00e3o continuada do N\u00facleo de Tecnologia Educacional de Corumb\u00e1 (NTEC) da Rede Municipal de Ensino (REME). O NTEC busca mudar o cen\u00e1rio de todas as salas de tecnologia das escolas municipais, levando forma\u00e7\u00e3o, troca de experi\u00eancias e novos fundamentos da tecnologia, que agora vai chegar a todas as salas de aula. Em vez de os alunos irem para a sala de tecnologia, a tecnologia ir\u00e1 at\u00e9 nossos alunos na sala de aula, como instrumento de transforma\u00e7\u00e3o\u201d, disse o secret\u00e1rio Municipal de Educa\u00e7\u00e3o, Genilson Canavarro de Abreu.<\/p>\n<p>Supervisora do NTEC\/Corumb\u00e1, Julieta Maria Gouveia Gonzalez, explicou que o N\u00facleo tem como atribui\u00e7\u00e3o \u201cministrar forma\u00e7\u00e3o continuada aos professores da REM para que incorporem as tecnologias de informa\u00e7\u00e3o e comunica\u00e7\u00e3o nos processos de ensino e aprendizagem dos nossos alunos\u201d.<\/p>\n<p>De acordo com a supervisora, as a\u00e7\u00f5es promovidas pelo NTEC t\u00eam o prop\u00f3sito de \u201cpromover estudos com tema de tecnologia na educa\u00e7\u00e3o e socializa\u00e7\u00e3o de experi\u00eancias de sucesso realizadas pelos Professores de Apoio ao uso das Tecnologias da Informa\u00e7\u00e3o e Comunica\u00e7\u00e3o (Proatic). Trabalhamos pedagogicamente esses recursos da tecnologia para que facilitem e melhore a aprendizagem dos nossos alunos\u201d, disse.<\/p>\n","protected":false},"excerpt":{"rendered":"<p>A Prefeitura de Corumb\u00e1, por meio da Secretaria Municipal de Educa\u00e7\u00e3o, promove ao longo da&#8230;<\/p>\n","protected":false},"author":1,"featured_media":21776,"comment_status":"closed","ping_status":"closed","sticky":false,"template":"","format":"standard","meta":{"footnotes":""},"categories":[8,10],"tags":[],"class_list":["post-21775","post","type-post","status-publish","format-standard","has-post-thumbnail","hentry","category-destaque","category-educacao"],"_links":{"self":[{"href":"https:\/\/www.corumbaonline.com.br\/news\/wp-json\/wp\/v2\/posts\/21775","targetHints":{"allow":["GET"]}}],"collection":[{"href":"https:\/\/www.corumbaonline.com.br\/news\/wp-json\/wp\/v2\/posts"}],"about":[{"href":"https:\/\/www.corumbaonline.com.br\/news\/wp-json\/wp\/v2\/types\/post"}],"author":[{"embeddable":true,"href":"https:\/\/www.corumbaonline.com.br\/news\/wp-json\/wp\/v2\/users\/1"}],"replies":[{"embeddable":true,"href":"https:\/\/www.corumbaonline.com.br\/news\/wp-json\/wp\/v2\/comments?post=21775"}],"version-history":[{"count":1,"href":"https:\/\/www.corumbaonline.com.br\/news\/wp-json\/wp\/v2\/posts\/21775\/revisions"}],"predecessor-version":[{"id":21777,"href":"https:\/\/www.corumbaonline.com.br\/news\/wp-json\/wp\/v2\/posts\/21775\/revisions\/21777"}],"wp:featuredmedia":[{"embeddable":true,"href":"https:\/\/www.corumbaonline.com.br\/news\/wp-json\/wp\/v2\/media\/21776"}],"wp:attachment":[{"href":"https:\/\/www.corumbaonline.com.br\/news\/wp-json\/wp\/v2\/media?parent=21775"}],"wp:term":[{"taxonomy":"category","embeddable":true,"href":"https:\/\/www.corumbaonline.com.br\/news\/wp-json\/wp\/v2\/categories?post=21775"},{"taxonomy":"post_tag","embeddable":true,"href":"https:\/\/www.corumbaonline.com.br\/news\/wp-json\/wp\/v2\/tags?post=21775"}],"curies":[{"name":"wp","href":"https:\/\/api.w.org\/{rel}","templated":true}]}}