{"id":21815,"date":"2018-08-24T09:50:25","date_gmt":"2018-08-24T13:50:25","guid":{"rendered":"http:\/\/www.corumbaonline.com.br\/news\/?p=21815"},"modified":"2018-08-24T10:39:08","modified_gmt":"2018-08-24T14:39:08","slug":"temer-discute-com-ministros-do-stf-aumento-de-salario-do-judiciario","status":"publish","type":"post","link":"https:\/\/www.corumbaonline.com.br\/news\/temer-discute-com-ministros-do-stf-aumento-de-salario-do-judiciario\/","title":{"rendered":"Temer discute com ministros do STF aumento de sal\u00e1rio do Judici\u00e1rio"},"content":{"rendered":"<p>O presidente da Rep\u00fablica Michel Temer se reuniu nesta noite no Pal\u00e1cio da Alvorada com os ministros do Supremo Tribunal Federal (STF) Dias Toffoli e Luiz Fux para tratar dos \u201cvencimentos do Judici\u00e1rio\u201d, segundo nota do Planalto.<\/p>\n<p>No come\u00e7o do m\u00eas, o Supremo aprovou reajuste de 16% no sal\u00e1rio dos ministros da Corte, para 2019. O sal\u00e1rio atual \u00e9 de R$ 33,7 mil e com o aumento passar\u00e1 para R$ 39,3 mil por m\u00eas.<\/p>\n<p>A despesa n\u00e3o est\u00e1 prevista pela Lei de Diretrizes Or\u00e7ament\u00e1rias, j\u00e1 aprovada pelo Congresso Nacional. At\u00e9 o dia 31de agosto, o governo dever\u00e1 encaminhar ao Legislativo proposta para o Or\u00e7amento da Uni\u00e3o do pr\u00f3ximo ano.<\/p>\n<p>Conforme o Minist\u00e9rio do Planejamento, Desenvolvimento e Gest\u00e3o, o\u00a0eventual aumento\u00a0<a href=\"http:\/\/agenciabrasil.ebc.com.br\/economia\/noticia\/2018-08\/reajuste-do-stf-tera-impacto-anual-de-r-243-milhoes-no-executivo\" target=\"_blank\" rel=\"noopener noreferrer\"><span id=\"OBJ_PREFIX_DWT3560_com_zimbra_date\"><span id=\"OBJ_PREFIX_DWT3563_com_zimbra_date\">ter<\/span><\/span>\u00e1 impacto\u00a0<\/a>mensal de R$ 18,7 milh\u00f5es (R$ 243,1 milh\u00f5es em um ano).<\/p>\n<p>Na reuni\u00e3o, ficou acertado que \u201ct\u00e9cnicos do Executivo e do Judici\u00e1rio se reunir\u00e3o, a partir de amanh\u00e3, para discutir o assunto\u201d.<\/p>\n<p>Acompanharam Temer na reuni\u00e3o a ministra da AGU, Grace Mendon\u00e7a, e o ministro dos Direitos Humanos e chefe da Secretaria de Assuntos Jur\u00eddicos da Casa Civil, Gustavo Rocha.<\/p>\n","protected":false},"excerpt":{"rendered":"<p>O presidente da Rep\u00fablica Michel Temer se reuniu nesta noite no Pal\u00e1cio da Alvorada com&#8230;<\/p>\n","protected":false},"author":1,"featured_media":0,"comment_status":"closed","ping_status":"closed","sticky":false,"template":"","format":"standard","meta":{"footnotes":""},"categories":[19],"tags":[],"class_list":["post-21815","post","type-post","status-publish","format-standard","hentry","category-politica"],"_links":{"self":[{"href":"https:\/\/www.corumbaonline.com.br\/news\/wp-json\/wp\/v2\/posts\/21815","targetHints":{"allow":["GET"]}}],"collection":[{"href":"https:\/\/www.corumbaonline.com.br\/news\/wp-json\/wp\/v2\/posts"}],"about":[{"href":"https:\/\/www.corumbaonline.com.br\/news\/wp-json\/wp\/v2\/types\/post"}],"author":[{"embeddable":true,"href":"https:\/\/www.corumbaonline.com.br\/news\/wp-json\/wp\/v2\/users\/1"}],"replies":[{"embeddable":true,"href":"https:\/\/www.corumbaonline.com.br\/news\/wp-json\/wp\/v2\/comments?post=21815"}],"version-history":[{"count":1,"href":"https:\/\/www.corumbaonline.com.br\/news\/wp-json\/wp\/v2\/posts\/21815\/revisions"}],"predecessor-version":[{"id":21816,"href":"https:\/\/www.corumbaonline.com.br\/news\/wp-json\/wp\/v2\/posts\/21815\/revisions\/21816"}],"wp:attachment":[{"href":"https:\/\/www.corumbaonline.com.br\/news\/wp-json\/wp\/v2\/media?parent=21815"}],"wp:term":[{"taxonomy":"category","embeddable":true,"href":"https:\/\/www.corumbaonline.com.br\/news\/wp-json\/wp\/v2\/categories?post=21815"},{"taxonomy":"post_tag","embeddable":true,"href":"https:\/\/www.corumbaonline.com.br\/news\/wp-json\/wp\/v2\/tags?post=21815"}],"curies":[{"name":"wp","href":"https:\/\/api.w.org\/{rel}","templated":true}]}}