{"id":21820,"date":"2018-08-24T10:16:08","date_gmt":"2018-08-24T14:16:08","guid":{"rendered":"http:\/\/www.corumbaonline.com.br\/news\/?p=21820"},"modified":"2018-08-24T10:44:03","modified_gmt":"2018-08-24T14:44:03","slug":"em-mesa-redonda-na-uems-superintendente-do-iel-destaca-importancia-do-estagio","status":"publish","type":"post","link":"https:\/\/www.corumbaonline.com.br\/news\/em-mesa-redonda-na-uems-superintendente-do-iel-destaca-importancia-do-estagio\/","title":{"rendered":"Em mesa redonda na UEMS, superintendente do IEL destaca import\u00e2ncia do est\u00e1gio"},"content":{"rendered":"<p class=\"x_MsoNormal\">Ao participar nesta semana de mesa redonda organizada pela UEMS (Universidade Estadual de Mato Grosso do Sul), no campus de Dourados (MS), para os acad\u00eamicos do curso de Engenharia F\u00edsica, o superintendente do IEL, Jos\u00e9 Fernando do Amaral, destacou que a import\u00e2ncia do est\u00e1gio para a forma\u00e7\u00e3o profissional dos estudantes.<\/p>\n<p class=\"x_MsoNormal\">\n<p class=\"x_MsoNormal\">\u201cTivemos a oportunidade de apresentar aos universit\u00e1rios o nosso Programa de Est\u00e1gio e suas normas. Tamb\u00e9m dediquei um tempo da minha palestra para transmitir aos estudantes a import\u00e2ncia do est\u00e1gio, pois, a carreira de qualquer profissional come\u00e7a a ser constru\u00edda a partir do est\u00e1gio\u201d, pontuou Jos\u00e9 Fernando Amaral.<\/p>\n<p class=\"x_MsoNormal\">\n<p class=\"x_MsoNormal\">Ele acrescenta que foi um evento muito interessante, com v\u00e1rias perguntas. \u201cO IEL teve uma participa\u00e7\u00e3o efetiva e muito elogiada pelos acad\u00eamicos e pelos professores\u201d, pontuou, agradecendo a participa\u00e7\u00e3o do empres\u00e1rio Cesar Augusto Scheide, diretor-administrativo da Inflex Ind\u00fastria de Embalagens Flex\u00edveis, que \u00e9 um parceiro do IEL.<\/p>\n<p class=\"x_MsoNormal\">\n<p class=\"x_MsoNormal\">J\u00e1 a coordenadora da \u00e1rea de desenvolvimento de carreira do IEL, Ros\u00e2ngela Ramos, fez uma breve apresenta\u00e7\u00e3o da Lei do Est\u00e1gio n\u00ba 11.788\/2008, orientando os estudantes do curso de Engenharia F\u00edsica sobre seus direitos e deveres durante o per\u00edodo de est\u00e1gio. \u201cO Instituto preza pela correta aplica\u00e7\u00e3o da Lei do Est\u00e1gio, garantindo todo o suporte aos estudantes, as empresas e as Institui\u00e7\u00f5es de ensino conveniadas ao IEL\u201d, afirmou.<\/p>\n<p class=\"x_MsoNormal\">\n<p class=\"x_MsoNormal\">Para a acad\u00eamica Mayara Costa, a mesa redonda permitiu a integra\u00e7\u00e3o entre universidade, equipe do IEL, alunos e professores. \u201c\u00c9 essencial para n\u00f3s alunos que estamos no fim da gradua\u00e7\u00e3o, pois n\u00f3s precisamos nos inserir no mercado de trabalho, ter o network, conhecer as empresas, mercado de trabalho e conhecer as oportunidades que est\u00e3o surgindo em Dourados, principalmente, dentro da \u00e1rea de Engenharia F\u00edsica, j\u00e1 que Dourados \u00e9 muito voltada para o agroneg\u00f3cio\u201d, avaliou.<\/p>\n<p class=\"x_MsoNormal\">\n<p class=\"x_MsoNormal\">O acad\u00eamico Frederico Ferreira Porto refor\u00e7a que o evento foi de grande import\u00e2ncia para conhecer algumas caracter\u00edsticas t\u00e9cnica do est\u00e1gio de como o aluno procede com a intermedia\u00e7\u00e3o, onde buscar o est\u00e1gio. \u201cE uma preocupa\u00e7\u00e3o especial do aluno de Engenharia F\u00edsica aqui em Mato Grosso do Sul \u00e9 que n\u00f3s ficamos olhando para o Estado e vendo apenas agroneg\u00f3cio, mas com esse evento conseguimos ver mais as \u00e1reas da ind\u00fastria e onde um engenheiro f\u00edsico pode atuar. O est\u00e1gio acaba abrindo as portas para essas industrias\u201d, ressaltou.<\/p>\n<p class=\"x_MsoNormal\">\n<p class=\"x_MsoNormal\">Na avalia\u00e7\u00e3o do estudante Vladimir Amaral, o est\u00e1gio \u00e9 uma parte obrigat\u00f3ria do curso e o graduando tem que passar por isso. \u201cMuitas vezes n\u00f3s ficamos t\u00e3o focado no curso que s\u00f3 vamos pensar no est\u00e1gio l\u00e1 na frente e a import\u00e2ncia dessas palestras \u00e9 trazer o foco para o est\u00e1gio para podermos nos direcionar a partir do in\u00edcio da faculdade. Assim, j\u00e1 vamos conhecendo um pouco mais sobre o que iremos fazer l\u00e1 na frente\u201d, falou.<\/p>\n","protected":false},"excerpt":{"rendered":"<p>Ao participar nesta semana de mesa redonda organizada pela UEMS (Universidade Estadual de Mato Grosso&#8230;<\/p>\n","protected":false},"author":1,"featured_media":0,"comment_status":"closed","ping_status":"closed","sticky":false,"template":"","format":"standard","meta":{"footnotes":""},"categories":[10],"tags":[],"class_list":["post-21820","post","type-post","status-publish","format-standard","hentry","category-educacao"],"_links":{"self":[{"href":"https:\/\/www.corumbaonline.com.br\/news\/wp-json\/wp\/v2\/posts\/21820","targetHints":{"allow":["GET"]}}],"collection":[{"href":"https:\/\/www.corumbaonline.com.br\/news\/wp-json\/wp\/v2\/posts"}],"about":[{"href":"https:\/\/www.corumbaonline.com.br\/news\/wp-json\/wp\/v2\/types\/post"}],"author":[{"embeddable":true,"href":"https:\/\/www.corumbaonline.com.br\/news\/wp-json\/wp\/v2\/users\/1"}],"replies":[{"embeddable":true,"href":"https:\/\/www.corumbaonline.com.br\/news\/wp-json\/wp\/v2\/comments?post=21820"}],"version-history":[{"count":1,"href":"https:\/\/www.corumbaonline.com.br\/news\/wp-json\/wp\/v2\/posts\/21820\/revisions"}],"predecessor-version":[{"id":21821,"href":"https:\/\/www.corumbaonline.com.br\/news\/wp-json\/wp\/v2\/posts\/21820\/revisions\/21821"}],"wp:attachment":[{"href":"https:\/\/www.corumbaonline.com.br\/news\/wp-json\/wp\/v2\/media?parent=21820"}],"wp:term":[{"taxonomy":"category","embeddable":true,"href":"https:\/\/www.corumbaonline.com.br\/news\/wp-json\/wp\/v2\/categories?post=21820"},{"taxonomy":"post_tag","embeddable":true,"href":"https:\/\/www.corumbaonline.com.br\/news\/wp-json\/wp\/v2\/tags?post=21820"}],"curies":[{"name":"wp","href":"https:\/\/api.w.org\/{rel}","templated":true}]}}