{"id":21843,"date":"2018-08-24T15:15:42","date_gmt":"2018-08-24T19:15:42","guid":{"rendered":"http:\/\/www.corumbaonline.com.br\/news\/?p=21843"},"modified":"2018-08-24T17:38:13","modified_gmt":"2018-08-24T21:38:13","slug":"defesa-civil-alerta-para-perigo-de-tempestade-em-65-municipios","status":"publish","type":"post","link":"https:\/\/www.corumbaonline.com.br\/news\/defesa-civil-alerta-para-perigo-de-tempestade-em-65-municipios\/","title":{"rendered":"Defesa Civil alerta para perigo de tempestade em 65 munic\u00edpios"},"content":{"rendered":"<p>O coordenador Estadual de Defesa Civil, tenente-coronel Fabio Santos Coelho Catarineli, explicou que o alerta foi baseado em boletim do Instituto Nacional de Meteorologia do Brasil (Inmet) sobre a forma\u00e7\u00e3o de tempestade em Mato Grosso do Sul com chuvas entre 30 a 60 mil\u00edmetros por hora, ou de 50 mil\u00edmetros at\u00e9 100 mil\u00edmetros por dia.<\/p>\n<p>Tamb\u00e9m h\u00e1 possibilidade de queda de granizo e ventos intensos com velocidade entre 60 Km\/h e 100 Km\/h. H\u00e1 risco de corte de energia el\u00e9trica, queda de \u00e1rvore, estragos em planta\u00e7\u00f5es e alagamento nos munic\u00edpios.<\/p>\n<p>O alerta iniciou \u00e0s 9h da manh\u00e3 de hoje e vai at\u00e9 \u00e0s 5h deste s\u00e1bado (25.8). Alguns munic\u00edpios j\u00e1 come\u00e7aram a registrar ventos fortes como Aral Moreira, Bonito, S\u00e3o Gabriel do Oeste, Mundo Novo, Iguatemi e Gloria de Dourados.<\/p>\n<p>A Defesa Civil enviou o alerta por SMS para as pessoas cadastradas no Servi\u00e7o de Alerta de Desastres Naturais. Para se cadastrar no servi\u00e7o, envie um SMS com o seu CEP para o n\u00famero 40199. Em seguida, voc\u00ea receber\u00e1 uma confirma\u00e7\u00e3o de que o cadastro no servi\u00e7o foi realizado com sucesso.<\/p>\n<p>Em caso de rajadas de vento n\u00e3o se abrigue debaixo de \u00e1rvores, pois h\u00e1 risco de queda e descarga el\u00e9tricas e n\u00e3o estacione pr\u00f3ximo a torres de transmiss\u00e3o e placas de propaganda.<\/p>\n<p>Se poss\u00edvel, desligue aparelhos el\u00e9tricos e quadro geral de energia.<\/p>\n<p>Obtenha mais informa\u00e7\u00f5es junto \u00e0 Defesa Civil, pelo 199, e ao Corpo de Bombeiros pelo n\u00famero 193.<\/p>\n<p><a href=\"http:\/\/www.ms.gov.br\/wp-content\/uploads\/sites\/150\/2018\/08\/IMG-20180824-WA0083.jpg\"><img loading=\"lazy\" decoding=\"async\" class=\"alignnone wp-image-234630 \" src=\"http:\/\/www.ms.gov.br\/wp-content\/uploads\/sites\/150\/2018\/08\/IMG-20180824-WA0083.jpg\" sizes=\"auto, (max-width: 772px) 100vw, 772px\" srcset=\"http:\/\/www.ms.gov.br\/wp-content\/uploads\/sites\/150\/2018\/08\/IMG-20180824-WA0083.jpg 404w, http:\/\/www.ms.gov.br\/wp-content\/uploads\/sites\/150\/2018\/08\/IMG-20180824-WA0083-300x271.jpg 300w\" alt=\"\" width=\"772\" height=\"696\" \/><\/a><\/p>\n<p>Receberam o alerta de tempestade os munic\u00edpios de Amambai, Anast\u00e1cio, Anauril\u00e2ndia, Ang\u00e9lica, Ant\u00f4nio Jo\u00e3o, Aquidauana, Aral Moreira, Bandeirantes, Bataguassu, Bataypor\u00e3, Bela Vista, Bodoquena, Bonito, Brasil\u00e2ndia, Caarap\u00f3, Campo Grande, Caracol, Corguinho, Coronel Sapucaia, Corumb\u00e1, Deod\u00e1polis, Dois Irm\u00e3os Do Buriti, Douradina, Dourados, Eldorado, F\u00e1tima Do Sul, Gl\u00f3ria De Dourados, Guia Lopes Da Laguna, Iguatemi, Itapor\u00e3, Itaquira\u00ed, Ivinhema, Japor\u00e3, Jaraguari, Jardim, Jate\u00ed, Jut\u00ed, Lad\u00e1rio, Laguna Carap\u00e3, Maracaju, Miranda, Mundo Novo, Navira\u00ed, Nioaque, Nova Alvorada Do Sul, Nova Andradina, Novo Horizonte Do Sul, Paranhos, Ponta Por\u00e3, Porto Murtinho, Ribas Do Rio Pardo, Rio Brilhante, Rio Negro, Rio Verde De Mato Grosso, Rochedo, Santa Rita Do Pardo, Sete Quedas, Sidrol\u00e2ndia, S\u00e3o Gabriel Do Oeste, Tacuru, Taquarussu, Terenos, Tr\u00eas Lagoas e Vicentina.<\/p>\n","protected":false},"excerpt":{"rendered":"<p>O coordenador Estadual de Defesa Civil, tenente-coronel Fabio Santos Coelho Catarineli, explicou que o alerta&#8230;<\/p>\n","protected":false},"author":1,"featured_media":21844,"comment_status":"closed","ping_status":"closed","sticky":false,"template":"","format":"standard","meta":{"footnotes":""},"categories":[17],"tags":[],"class_list":["post-21843","post","type-post","status-publish","format-standard","has-post-thumbnail","hentry","category-meio-ambiente"],"_links":{"self":[{"href":"https:\/\/www.corumbaonline.com.br\/news\/wp-json\/wp\/v2\/posts\/21843","targetHints":{"allow":["GET"]}}],"collection":[{"href":"https:\/\/www.corumbaonline.com.br\/news\/wp-json\/wp\/v2\/posts"}],"about":[{"href":"https:\/\/www.corumbaonline.com.br\/news\/wp-json\/wp\/v2\/types\/post"}],"author":[{"embeddable":true,"href":"https:\/\/www.corumbaonline.com.br\/news\/wp-json\/wp\/v2\/users\/1"}],"replies":[{"embeddable":true,"href":"https:\/\/www.corumbaonline.com.br\/news\/wp-json\/wp\/v2\/comments?post=21843"}],"version-history":[{"count":1,"href":"https:\/\/www.corumbaonline.com.br\/news\/wp-json\/wp\/v2\/posts\/21843\/revisions"}],"predecessor-version":[{"id":21845,"href":"https:\/\/www.corumbaonline.com.br\/news\/wp-json\/wp\/v2\/posts\/21843\/revisions\/21845"}],"wp:featuredmedia":[{"embeddable":true,"href":"https:\/\/www.corumbaonline.com.br\/news\/wp-json\/wp\/v2\/media\/21844"}],"wp:attachment":[{"href":"https:\/\/www.corumbaonline.com.br\/news\/wp-json\/wp\/v2\/media?parent=21843"}],"wp:term":[{"taxonomy":"category","embeddable":true,"href":"https:\/\/www.corumbaonline.com.br\/news\/wp-json\/wp\/v2\/categories?post=21843"},{"taxonomy":"post_tag","embeddable":true,"href":"https:\/\/www.corumbaonline.com.br\/news\/wp-json\/wp\/v2\/tags?post=21843"}],"curies":[{"name":"wp","href":"https:\/\/api.w.org\/{rel}","templated":true}]}}