{"id":21850,"date":"2018-08-27T08:14:09","date_gmt":"2018-08-27T12:14:09","guid":{"rendered":"http:\/\/www.corumbaonline.com.br\/news\/?p=21850"},"modified":"2018-08-27T08:34:44","modified_gmt":"2018-08-27T12:34:44","slug":"procuradoria-rejeita-pedido-do-mdb-e-da-parecer-favoravel-a-candidatura-de-bernal","status":"publish","type":"post","link":"https:\/\/www.corumbaonline.com.br\/news\/procuradoria-rejeita-pedido-do-mdb-e-da-parecer-favoravel-a-candidatura-de-bernal\/","title":{"rendered":"Procuradoria rejeita pedido do MDB e d\u00e1 parecer favor\u00e1vel \u00e0 candidatura de Bernal"},"content":{"rendered":"<p>A Procuradoria Regional Eleitoral de Mato Grosso do Sul deu parecer favor\u00e1vel ao registro de candidatura do ex-prefeito de Campo Grande Alcides Bernal (PP). A Coliga\u00e7\u00e3o Amor, Trabalho e F\u00e9, encabe\u00e7ada pelo MDB, pediu \u00e0 Justi\u00e7a Eleitoral que o registro fosse negado a ele por ter sido cassado quando comandava o Pa\u00e7o Municipal, sustentando que isso o tornava ineleg\u00edvel.<\/p>\n<p>O procurador Marcos Nassar, entretanto, aceitou a argumenta\u00e7\u00e3o da defesa de Bernal, na qual alega que decis\u00e3o do TSE (Tribunal Superior Eleitoral) nas elei\u00e7\u00f5es de 2014 garantiu que a cassa\u00e7\u00e3o de seu mandato n\u00e3o gerou a inelegibilidade. Tanto \u00e9 que o progressista concorreu ao cargo de senador naquele ano.<\/p>\n<p>Sendo assim, Nassar defende que est\u00e3o \u201cpresentes as condi\u00e7\u00f5es de elegibilidade e registrabilidade\u201d da candidatura de Alcides Bernal, que neste ano tenta se eleger como deputado federal.<\/p>\n<p>A coliga\u00e7\u00e3o Amor, Trabalho e F\u00e9 sustenta que Bernal consta como cassado no Infodip (Sistema de Informa\u00e7\u00f5es de \u00d3bitos e Direitos Pol\u00edticos) porque teve o mandato de prefeito municipal de Campo Grande cassado pela C\u00e2mara de Vereadores.<\/p>\n<p>O pedido ainda aguarda julgamento do TRE-MS (Tribunal Regional Eleitoral de Mato Grosso do Sul).<\/p>\n","protected":false},"excerpt":{"rendered":"<p>A Procuradoria Regional Eleitoral de Mato Grosso do Sul deu parecer favor\u00e1vel ao registro de&#8230;<\/p>\n","protected":false},"author":1,"featured_media":0,"comment_status":"closed","ping_status":"closed","sticky":false,"template":"","format":"standard","meta":{"footnotes":""},"categories":[101,19],"tags":[],"class_list":["post-21850","post","type-post","status-publish","format-standard","hentry","category-eleicoes","category-politica"],"_links":{"self":[{"href":"https:\/\/www.corumbaonline.com.br\/news\/wp-json\/wp\/v2\/posts\/21850","targetHints":{"allow":["GET"]}}],"collection":[{"href":"https:\/\/www.corumbaonline.com.br\/news\/wp-json\/wp\/v2\/posts"}],"about":[{"href":"https:\/\/www.corumbaonline.com.br\/news\/wp-json\/wp\/v2\/types\/post"}],"author":[{"embeddable":true,"href":"https:\/\/www.corumbaonline.com.br\/news\/wp-json\/wp\/v2\/users\/1"}],"replies":[{"embeddable":true,"href":"https:\/\/www.corumbaonline.com.br\/news\/wp-json\/wp\/v2\/comments?post=21850"}],"version-history":[{"count":1,"href":"https:\/\/www.corumbaonline.com.br\/news\/wp-json\/wp\/v2\/posts\/21850\/revisions"}],"predecessor-version":[{"id":21851,"href":"https:\/\/www.corumbaonline.com.br\/news\/wp-json\/wp\/v2\/posts\/21850\/revisions\/21851"}],"wp:attachment":[{"href":"https:\/\/www.corumbaonline.com.br\/news\/wp-json\/wp\/v2\/media?parent=21850"}],"wp:term":[{"taxonomy":"category","embeddable":true,"href":"https:\/\/www.corumbaonline.com.br\/news\/wp-json\/wp\/v2\/categories?post=21850"},{"taxonomy":"post_tag","embeddable":true,"href":"https:\/\/www.corumbaonline.com.br\/news\/wp-json\/wp\/v2\/tags?post=21850"}],"curies":[{"name":"wp","href":"https:\/\/api.w.org\/{rel}","templated":true}]}}