{"id":21852,"date":"2018-08-27T08:22:30","date_gmt":"2018-08-27T12:22:30","guid":{"rendered":"http:\/\/www.corumbaonline.com.br\/news\/?p=21852"},"modified":"2018-08-27T08:38:27","modified_gmt":"2018-08-27T12:38:27","slug":"eleitores-votarao-em-dois-candidatos-ao-senado-este-ano","status":"publish","type":"post","link":"https:\/\/www.corumbaonline.com.br\/news\/eleitores-votarao-em-dois-candidatos-ao-senado-este-ano\/","title":{"rendered":"Eleitores votar\u00e3o em dois candidatos ao Senado este ano"},"content":{"rendered":"<p>\u00danico cargo eletivo com mandato de oito anos estabelecido na Constitui\u00e7\u00e3o Federal, o voto para senador \u00e9 o que pode ser confuso nessas elei\u00e7\u00f5es.<\/p>\n<p>\u00c9 que, diferentemente das elei\u00e7\u00f5es de 2014, quando cada eleitor p\u00f4de votar em apenas um nome para o Senado, este ano duas das tr\u00eas vagas que cada estado e do Distrito Federal t\u00eam direito, o cidad\u00e3o poder\u00e1 votar em dois nomes para o Senado. Alternadamente, um ter\u00e7o, ou seja, 27 vagas e, dois ter\u00e7os, 54 vagas, s\u00e3o colocadas em disputa a cada quatro anos.<\/p>\n<div class=\"dnd-widget-wrapper context-cheio_8colunas type-image\">\n<div class=\"dnd-atom-rendered\">\n<figure class=\"mejs-fotoh-wrapper\">Ag\u00eanci<\/figure>\n<\/div>\n<\/div>\n<p>Segundo o Tribunal Superior Eleitoral, os dois votos t\u00eam pesos iguais. N\u00e3o existe prioridade em raz\u00e3o do eleitor votar primeiro em um e depois em outro candidato.<\/p>\n<p>Outro ponto importante, segundo a Justi\u00e7a Eleitoral, \u00e9\u00a0 que n\u00e3o \u00e9 poss\u00edvel votar duas vezes no mesmo candidato. Em caso de repeti\u00e7\u00e3o, o segundo voto \u00e9 automaticamente anulado, sem prejudicar as demais vota\u00e7\u00f5es.<\/p>\n<h2>Mais votos<\/h2>\n<p>Como a ordem de vota\u00e7\u00e3o n\u00e3o importa no resultado final, o candidato que obtiver o maior n\u00famero de votos na primeira e na segunda op\u00e7\u00e3o somadas ser\u00e1 eleito, assim como o segundo candidato mais votado.<\/p>\n<p>As elei\u00e7\u00f5es para o Senado s\u00e3o majorit\u00e1rias, assim como para a Presid\u00eancia da Rep\u00fablica e para os governos estaduais. Para o Senado, entretanto, n\u00e3o h\u00e1 possibilidade de segundo turno.<\/p>\n<p>Al\u00e9m dos representantes para esses cargos, no dia 7 de outubro, os eleitores brasileiros tamb\u00e9m escolher\u00e3o o pr\u00f3ximo presidente da Rep\u00fablica e deputados federais, estaduais ou distritais.<\/p>\n","protected":false},"excerpt":{"rendered":"<p>\u00danico cargo eletivo com mandato de oito anos estabelecido na Constitui\u00e7\u00e3o Federal, o voto para&#8230;<\/p>\n","protected":false},"author":1,"featured_media":0,"comment_status":"closed","ping_status":"closed","sticky":false,"template":"","format":"standard","meta":{"footnotes":""},"categories":[101,19],"tags":[],"class_list":["post-21852","post","type-post","status-publish","format-standard","hentry","category-eleicoes","category-politica"],"_links":{"self":[{"href":"https:\/\/www.corumbaonline.com.br\/news\/wp-json\/wp\/v2\/posts\/21852","targetHints":{"allow":["GET"]}}],"collection":[{"href":"https:\/\/www.corumbaonline.com.br\/news\/wp-json\/wp\/v2\/posts"}],"about":[{"href":"https:\/\/www.corumbaonline.com.br\/news\/wp-json\/wp\/v2\/types\/post"}],"author":[{"embeddable":true,"href":"https:\/\/www.corumbaonline.com.br\/news\/wp-json\/wp\/v2\/users\/1"}],"replies":[{"embeddable":true,"href":"https:\/\/www.corumbaonline.com.br\/news\/wp-json\/wp\/v2\/comments?post=21852"}],"version-history":[{"count":1,"href":"https:\/\/www.corumbaonline.com.br\/news\/wp-json\/wp\/v2\/posts\/21852\/revisions"}],"predecessor-version":[{"id":21853,"href":"https:\/\/www.corumbaonline.com.br\/news\/wp-json\/wp\/v2\/posts\/21852\/revisions\/21853"}],"wp:attachment":[{"href":"https:\/\/www.corumbaonline.com.br\/news\/wp-json\/wp\/v2\/media?parent=21852"}],"wp:term":[{"taxonomy":"category","embeddable":true,"href":"https:\/\/www.corumbaonline.com.br\/news\/wp-json\/wp\/v2\/categories?post=21852"},{"taxonomy":"post_tag","embeddable":true,"href":"https:\/\/www.corumbaonline.com.br\/news\/wp-json\/wp\/v2\/tags?post=21852"}],"curies":[{"name":"wp","href":"https:\/\/api.w.org\/{rel}","templated":true}]}}