{"id":21871,"date":"2018-08-27T10:10:54","date_gmt":"2018-08-27T14:10:54","guid":{"rendered":"http:\/\/www.corumbaonline.com.br\/news\/?p=21871"},"modified":"2018-08-27T11:02:36","modified_gmt":"2018-08-27T15:02:36","slug":"senado-adia-esforco-concentrado-para-semana-que-vem","status":"publish","type":"post","link":"https:\/\/www.corumbaonline.com.br\/news\/senado-adia-esforco-concentrado-para-semana-que-vem\/","title":{"rendered":"Senado adia esfor\u00e7o concentrado para semana que vem"},"content":{"rendered":"<p>O Senado adiou para a semana de 4 a 6 de setembro o esfor\u00e7o concentrado que faria esta semana. Segundo a Secretaria-Geral da Mesa, o presidente da Casa, Eun\u00edcio Oliveira (MDB-CE), quer votar mat\u00e9rias importantes, mas ainda pedentes de vota\u00e7\u00f5es na C\u00e2mara dos Deputados. Entre as pend\u00eancias est\u00e3o tr\u00eas medidas provis\u00f3rias.<\/p>\n<p>A MP 838\/18 mant\u00e9m at\u00e9 o final do ano o subs\u00eddio ao \u00f3leo diesel negociado pelo governo com os caminhoneiros aut\u00f4nomos em maio, durante a greve que provocou uma crise de abastecimento. A MP, no entanto, restringe o subs\u00eddio ao diesel rodovi\u00e1rio, que \u00e9 usado por caminh\u00f5es, \u00f4nibus, caminhonetes e m\u00e1quinas agr\u00edcolas.<\/p>\n<p>O valor do subs\u00eddio \u00e9 de R$ 0,30 por litro, e destinado aos comercializadores (produtor e importador) do combust\u00edvel. O objetivo final do governo \u00e9 reduzir em R$ 0,46 o pre\u00e7o do diesel na bomba, conforme negociado com os caminhoneiros.<\/p>\n<p>H\u00e1 ainda a MP 830\/18, que extinguiu o Fundo Soberano do Brasil (FSB), que perde a validade em 2 de outubro. Criado em 2008 como uma reserva financeira para o pa\u00eds enfrentar crises econ\u00f4micas, o fundo tinha, at\u00e9 o fim de 2017, um patrim\u00f4nio de R$ 26 bilh\u00f5es. O FSB tamb\u00e9m tem por finalidade promover investimentos em ativos no Brasil e no exterior e formar poupan\u00e7a p\u00fablica. Mas o governo alega que o contexto macrofiscal do pa\u00eds sofreu v\u00e1rias altera\u00e7\u00f5es, tornando menos \u00f3bvios os benef\u00edcios do FSB.<\/p>\n<p>J\u00e1 a Medida Provis\u00f3ria 840\/2018, que perde a vig\u00eancia no dia 17 de outubro, criou 164 cargos destinados ao Minist\u00e9rio da Seguran\u00e7a P\u00fablica. A MP criou cargos em comiss\u00e3o do Grupo Dire\u00e7\u00e3o e Assessoramento Superiores (DAS) para atender a necessidades da \u00e1rea de seguran\u00e7a p\u00fablica do governo.<\/p>\n","protected":false},"excerpt":{"rendered":"<p>O Senado adiou para a semana de 4 a 6 de setembro o esfor\u00e7o concentrado&#8230;<\/p>\n","protected":false},"author":1,"featured_media":0,"comment_status":"closed","ping_status":"closed","sticky":false,"template":"","format":"standard","meta":{"footnotes":""},"categories":[19],"tags":[],"class_list":["post-21871","post","type-post","status-publish","format-standard","hentry","category-politica"],"_links":{"self":[{"href":"https:\/\/www.corumbaonline.com.br\/news\/wp-json\/wp\/v2\/posts\/21871","targetHints":{"allow":["GET"]}}],"collection":[{"href":"https:\/\/www.corumbaonline.com.br\/news\/wp-json\/wp\/v2\/posts"}],"about":[{"href":"https:\/\/www.corumbaonline.com.br\/news\/wp-json\/wp\/v2\/types\/post"}],"author":[{"embeddable":true,"href":"https:\/\/www.corumbaonline.com.br\/news\/wp-json\/wp\/v2\/users\/1"}],"replies":[{"embeddable":true,"href":"https:\/\/www.corumbaonline.com.br\/news\/wp-json\/wp\/v2\/comments?post=21871"}],"version-history":[{"count":1,"href":"https:\/\/www.corumbaonline.com.br\/news\/wp-json\/wp\/v2\/posts\/21871\/revisions"}],"predecessor-version":[{"id":21872,"href":"https:\/\/www.corumbaonline.com.br\/news\/wp-json\/wp\/v2\/posts\/21871\/revisions\/21872"}],"wp:attachment":[{"href":"https:\/\/www.corumbaonline.com.br\/news\/wp-json\/wp\/v2\/media?parent=21871"}],"wp:term":[{"taxonomy":"category","embeddable":true,"href":"https:\/\/www.corumbaonline.com.br\/news\/wp-json\/wp\/v2\/categories?post=21871"},{"taxonomy":"post_tag","embeddable":true,"href":"https:\/\/www.corumbaonline.com.br\/news\/wp-json\/wp\/v2\/tags?post=21871"}],"curies":[{"name":"wp","href":"https:\/\/api.w.org\/{rel}","templated":true}]}}