{"id":21895,"date":"2018-08-27T16:10:43","date_gmt":"2018-08-27T20:10:43","guid":{"rendered":"http:\/\/www.corumbaonline.com.br\/news\/?p=21895"},"modified":"2018-08-27T16:55:10","modified_gmt":"2018-08-27T20:55:10","slug":"corumba-inicia-amanha-acoes-ligadas-ao-dia-nacional-de-combate-ao-fumo","status":"publish","type":"post","link":"https:\/\/www.corumbaonline.com.br\/news\/corumba-inicia-amanha-acoes-ligadas-ao-dia-nacional-de-combate-ao-fumo\/","title":{"rendered":"Corumb\u00e1 inicia amanh\u00e3 a\u00e7\u00f5es ligadas ao Dia Nacional de Combate ao Fumo"},"content":{"rendered":"<p>O Dia Nacional de Combate ao Fumo, celebrado em 29 de agosto, prev\u00ea atividades educativas e de preven\u00e7\u00e3o em Corumb\u00e1. As a\u00e7\u00f5es ser\u00e3o promovidas pela Prefeitura, por meio da Secretaria Municipal de Sa\u00fade atrav\u00e9s de seu Programa de Preven\u00e7\u00e3o de C\u00e2ncer\/Tabagismo, no per\u00edodo de 28 a 30 de agosto.<\/p>\n<p>&nbsp;<\/p>\n<p>As a\u00e7\u00f5es educativas e de preven\u00e7\u00e3o t\u00eam como objetivo refor\u00e7ar a sensibiliza\u00e7\u00e3o da popula\u00e7\u00e3o aos danos sociais, pol\u00edticos, econ\u00f4micos e ambientais causados pelo tabaco.<\/p>\n<p>&nbsp;<\/p>\n<p>Na ter\u00e7a-feira, 28 de agosto, as atividades ser\u00e3o realizadas na unidade da academia do Arthur Marinho. Na quarta, dia 29, ser\u00e3o na unidade do bairro Nova Corumb\u00e1. Na quinta, 30, ser\u00e1 na unidade Ang\u00e9lica Anache. As a\u00e7\u00f5es ter\u00e3o in\u00edcio sempre \u00e0s 08 horas.<\/p>\n<p><strong>A data<\/strong><\/p>\n<p>&nbsp;<\/p>\n<p>O Dia Nacional de Combate ao Fumo, uma data institu\u00edda em 1986 pela lei n\u00ba 7488, que foi criada com o objetivo de conscientizar e mobilizar a popula\u00e7\u00e3o sobre os riscos decorrentes do uso do cigarro.<\/p>\n","protected":false},"excerpt":{"rendered":"<p>O Dia Nacional de Combate ao Fumo, celebrado em 29 de agosto, prev\u00ea atividades educativas&#8230;<\/p>\n","protected":false},"author":1,"featured_media":0,"comment_status":"closed","ping_status":"closed","sticky":false,"template":"","format":"standard","meta":{"footnotes":""},"categories":[21],"tags":[],"class_list":["post-21895","post","type-post","status-publish","format-standard","hentry","category-saude"],"_links":{"self":[{"href":"https:\/\/www.corumbaonline.com.br\/news\/wp-json\/wp\/v2\/posts\/21895","targetHints":{"allow":["GET"]}}],"collection":[{"href":"https:\/\/www.corumbaonline.com.br\/news\/wp-json\/wp\/v2\/posts"}],"about":[{"href":"https:\/\/www.corumbaonline.com.br\/news\/wp-json\/wp\/v2\/types\/post"}],"author":[{"embeddable":true,"href":"https:\/\/www.corumbaonline.com.br\/news\/wp-json\/wp\/v2\/users\/1"}],"replies":[{"embeddable":true,"href":"https:\/\/www.corumbaonline.com.br\/news\/wp-json\/wp\/v2\/comments?post=21895"}],"version-history":[{"count":1,"href":"https:\/\/www.corumbaonline.com.br\/news\/wp-json\/wp\/v2\/posts\/21895\/revisions"}],"predecessor-version":[{"id":21896,"href":"https:\/\/www.corumbaonline.com.br\/news\/wp-json\/wp\/v2\/posts\/21895\/revisions\/21896"}],"wp:attachment":[{"href":"https:\/\/www.corumbaonline.com.br\/news\/wp-json\/wp\/v2\/media?parent=21895"}],"wp:term":[{"taxonomy":"category","embeddable":true,"href":"https:\/\/www.corumbaonline.com.br\/news\/wp-json\/wp\/v2\/categories?post=21895"},{"taxonomy":"post_tag","embeddable":true,"href":"https:\/\/www.corumbaonline.com.br\/news\/wp-json\/wp\/v2\/tags?post=21895"}],"curies":[{"name":"wp","href":"https:\/\/api.w.org\/{rel}","templated":true}]}}