{"id":21897,"date":"2018-08-27T16:59:03","date_gmt":"2018-08-27T20:59:03","guid":{"rendered":"http:\/\/www.corumbaonline.com.br\/news\/?p=21897"},"modified":"2018-08-27T16:59:03","modified_gmt":"2018-08-27T20:59:03","slug":"semana-sesc-de-dialogos-culturais-vai-fomentar-a-literatura-em-corumba-a-partir-desta-terca","status":"publish","type":"post","link":"https:\/\/www.corumbaonline.com.br\/news\/semana-sesc-de-dialogos-culturais-vai-fomentar-a-literatura-em-corumba-a-partir-desta-terca\/","title":{"rendered":"Semana Sesc de Di\u00e1logos Culturais vai fomentar a literatura em Corumb\u00e1 \u00e0 partir desta ter\u00e7a"},"content":{"rendered":"<p class=\"x_MsoNormal\">De 28 de agosto a 01 de setembro o Sesc Corumb\u00e1 promove a Semana Sesc de Di\u00e1logos Culturais, com o cruzamento de linguagens como palestras, conta\u00e7\u00f5es de hist\u00f3rias, bate-papos e exposi\u00e7\u00f5es, de forma a fomentar a literatura, oxigenando expoentes da \u00e1rea com os grupos e nichos art\u00edsticos locais e ao mesmo tempo envolver o p\u00fablico, estimulando a leitura.<\/p>\n<p class=\"x_MsoNormal\">Os objetivos da a\u00e7\u00e3o passam pelo incentivo \u00e0 produ\u00e7\u00e3o liter\u00e1ria, contribui\u00e7\u00e3o para capacidade anal\u00edtica do p\u00fablico e encantamento das crian\u00e7as, estimulando o gosto pela literatura, por meio das conta\u00e7\u00f5es. Tamb\u00e9m visa promover trocas de experimenta\u00e7\u00e3o entre contadores locais e nacionais e o debate sobre as novas m\u00eddias e suas contribui\u00e7\u00f5es poss\u00edveis dentro do universo dessa linguagem<\/p>\n<p class=\"x_MsoNormal\">A partir do primeiro dia at\u00e9 o encerramento, estar\u00e1 aberta \u00e0 visita\u00e7\u00e3o a Exposi\u00e7\u00e3o Cores no formato de poesia, hist\u00f3ria e Cultura, de Vitor Hugo, que retrata o perfil dos trabalhos do artista, inspirado no cotidiano, nas cores simples das esta\u00e7\u00f5es, nos formatos e personalidades distintas, uma s\u00e9rie de obras que envolvem poesia e simplicidade, em mensagens sutis ao espectador.\u00a0\u00a0Vitor Hugo, que produz pinturas em telas e murais, j\u00e1 realizou trabalhos em localiza\u00e7\u00f5es distintas, como na praia do Cassino (RS) no interc\u00e2mbio BRASIS (2013), representando o estado de Mato Grosso do Sul.<\/p>\n<p class=\"x_MsoNormal\">Dia 28 \u00e0s 19h30 haver\u00e1 a palestra &#8220;Voc\u00ea fala portunhol?&#8221;, com Suzana Mancilla Barreda, que \u00e9 Mestre e doutora em Educa\u00e7\u00e3o, \u00e9 professora do curso de Letras da UFMS\/CPAN, al\u00e9m de\u00a0\u00a0l\u00edder do grupo de Pesquisa (CNPQ) Linguagens em Fronteiras, que atua na pesquisa sobre portugu\u00eas como l\u00edngua estrangeira\/ l\u00edngua de fronteiras.<\/p>\n<p class=\"x_MsoNormal\">Dia 29, Wellington Furtado Ramos conduz a palestra &#8220;Voc\u00ea j\u00e1 leu literaturas?&#8221; Licenciado em Letras, mestre em Estudos de Linguagens e Doutor em Literatura Brasileira Contempor\u00e2nea. \u00c9 professor de Teoria Liter\u00e1ria e Literatura Brasileira da Universidade Federal de Mato Grosso do Sul. Foi membro da comiss\u00e3o julgadora do Pr\u00eamio Guavira de Literatura e mediador em projetos como Arte da Palavra \u2013 Rede Sesc de Leituras e FliSesc, no Sesc Morada dos Ba\u00eds e Sesc Corumb\u00e1, respectivamente.<\/p>\n<p class=\"x_MsoNormal\">No dia 30 tem Oficina de Media\u00e7\u00e3o Liter\u00e1ria com Rodrigo Casarin, das 17h30 \u00e0s 21h30 e \u00e0s 19h ser\u00e1 exibido o longa &#8220;Lope&#8221;, dirigido por Andrucha Waddington e que traz a jornada de Lope (Alberto Ammann), um jovem poeta ambicioso e um eterno apaixonado. Vivendo mais o presente do que pensando no futuro, ele se entrega ao amor de duas mulheres e desafia regras que podem transform\u00e1-lo de her\u00f3i a vil\u00e3o, trazendo a desgra\u00e7a ou a gl\u00f3ria.<\/p>\n<p class=\"x_MsoNormal\">Tem espet\u00e1culo de conta\u00e7\u00e3o &#8220;Maanape, Jigu\u00ea e Macuna\u00edma&#8221; na sexta-feira, 31 e no s\u00e1bado 01, de setembro, \u00e0s 19 horas. Tendo como ponto de partida os nomes de Macuna\u00edma e seus dois irm\u00e3os, este espet\u00e1culo de conta\u00e7\u00e3o de hist\u00f3rias parte da alegoria constru\u00edda por M\u00e1rio de Andrade acerca das nossas origens \u00e9tnicas fundamentais: ind\u00edgena, africana e europeia. A partir da narra\u00e7\u00e3o do trecho inicial da obra &#8220;Macuna\u00edma&#8221;, do nascimento do her\u00f3i at\u00e9 o banho na \u00e1gua encantada que o transforma em branco, seu irm\u00e3o Jigu\u00ea em \u00edndio e Maanape que permanece negro, s\u00e3o narrados contos da tradi\u00e7\u00e3o oral ind\u00edgena, africana e europeia.<\/p>\n<p class=\"x_MsoNormal\">Tamb\u00e9m no dia 31, \u00e0s 19h30, haver\u00e1 leitura mediada do Livro &#8220;Laranja Mec\u00e2nica&#8221;, de Anthony Burgess, com media\u00e7\u00e3o de Rodrigo Casarin. Narrada pelo protagonista, o adolescente Alex, esta brilhante e perturbadora hist\u00f3ria cria uma sociedade futurista em que a viol\u00eancia atinge propor\u00e7\u00f5es gigantescas e provoca uma reposta igualmente agressiva de um governo totalit\u00e1rio. A estranha linguagem utilizada por Alex &#8211; soberbamente engendrada pelo autor &#8211; empresta uma dimens\u00e3o quase l\u00edrica ao texto. Ao lado de &#8216;1984&#8217;, de George Orwell, e &#8216;Admir\u00e1vel Mundo Novo&#8217;, de Aldous Huxley, &#8216;Laranja Mec\u00e2nica&#8217; \u00e9 um dos \u00edcones liter\u00e1rios da aliena\u00e7\u00e3o p\u00f3s-industrial que caracterizou o s\u00e9culo XX. Adaptado com maestria para o cinema em 1972 por Stanley Kubrick, \u00e9 uma obra marcante: depois da sua leitura, voc\u00ea jamais ser\u00e1 o mesmo.<\/p>\n<p class=\"x_MsoNormal\">No s\u00e1bado, 01, \u00e0s 16 horas, tem Ciranda da Conta\u00e7\u00e3o &#8220;M\u00e3o Molenga&#8221;, por Salim Haqzam, atividade voltada \u00e0 crian\u00e7ada. Para participar, \u00e9 preciso levar embalagens de produtos (garrafas pet, embalagens de iogurte, tampinhas, copinhos, sucatinhas). Encerrando a programa\u00e7\u00e3o da Semana Sesc de Di\u00e1logos Culturais, tamb\u00e9m no s\u00e1bado, \u00e0s 20h30, a &#8220;Literatura em stories e likes&#8221;, com Vilto Reis (idealizador do site Homo Literatus), Michelle Lopes e media\u00e7\u00e3o de Rodrigo Casarin<\/p>\n","protected":false},"excerpt":{"rendered":"<p>De 28 de agosto a 01 de setembro o Sesc Corumb\u00e1 promove a Semana Sesc&#8230;<\/p>\n","protected":false},"author":1,"featured_media":0,"comment_status":"closed","ping_status":"closed","sticky":false,"template":"","format":"standard","meta":{"footnotes":""},"categories":[7],"tags":[],"class_list":["post-21897","post","type-post","status-publish","format-standard","hentry","category-cultura"],"_links":{"self":[{"href":"https:\/\/www.corumbaonline.com.br\/news\/wp-json\/wp\/v2\/posts\/21897","targetHints":{"allow":["GET"]}}],"collection":[{"href":"https:\/\/www.corumbaonline.com.br\/news\/wp-json\/wp\/v2\/posts"}],"about":[{"href":"https:\/\/www.corumbaonline.com.br\/news\/wp-json\/wp\/v2\/types\/post"}],"author":[{"embeddable":true,"href":"https:\/\/www.corumbaonline.com.br\/news\/wp-json\/wp\/v2\/users\/1"}],"replies":[{"embeddable":true,"href":"https:\/\/www.corumbaonline.com.br\/news\/wp-json\/wp\/v2\/comments?post=21897"}],"version-history":[{"count":1,"href":"https:\/\/www.corumbaonline.com.br\/news\/wp-json\/wp\/v2\/posts\/21897\/revisions"}],"predecessor-version":[{"id":21898,"href":"https:\/\/www.corumbaonline.com.br\/news\/wp-json\/wp\/v2\/posts\/21897\/revisions\/21898"}],"wp:attachment":[{"href":"https:\/\/www.corumbaonline.com.br\/news\/wp-json\/wp\/v2\/media?parent=21897"}],"wp:term":[{"taxonomy":"category","embeddable":true,"href":"https:\/\/www.corumbaonline.com.br\/news\/wp-json\/wp\/v2\/categories?post=21897"},{"taxonomy":"post_tag","embeddable":true,"href":"https:\/\/www.corumbaonline.com.br\/news\/wp-json\/wp\/v2\/tags?post=21897"}],"curies":[{"name":"wp","href":"https:\/\/api.w.org\/{rel}","templated":true}]}}