{"id":21907,"date":"2018-08-28T08:27:20","date_gmt":"2018-08-28T12:27:20","guid":{"rendered":"http:\/\/www.corumbaonline.com.br\/news\/?p=21907"},"modified":"2018-08-28T08:35:44","modified_gmt":"2018-08-28T12:35:44","slug":"sebrae-e-sed-renovam-parceria-que-ja-levou-empreendedorismo-a-mil-alunos","status":"publish","type":"post","link":"https:\/\/www.corumbaonline.com.br\/news\/sebrae-e-sed-renovam-parceria-que-ja-levou-empreendedorismo-a-mil-alunos\/","title":{"rendered":"Sebrae e SED renovam parceria que j\u00e1 levou empreendedorismo a mil alunos"},"content":{"rendered":"<p>O Servi\u00e7o de Apoio \u00e0s Micro e Pequenas Empresas de Mato Grosso do Sul (Sebrae\/MS) e a Secretaria Estadual de Educa\u00e7\u00e3o (SED) assinaram nesta segunda-feira (27), em Campo Grande, um Termo de Compromisso que renova a parceria para implanta\u00e7\u00e3o do\u00a0<u><a href=\"http:\/\/seblink.sebrae.ms\/cl\/PD3a3\/KD_\/6b81\/NMHUrhcjov1\/BNpD\/MgO0egFnorm\/1\/\" target=\"_blank\" rel=\"noopener noreferrer\">Programa Educa\u00e7\u00e3o Empreendedora<\/a><\/u>\u00a0nas escolas do estado at\u00e9 2020.<\/p>\n<p>&#8220;O Sebrae tem sido um parceiro muito importante porque vem somar \u00e0 educa\u00e7\u00e3o dos jovens e abrir uma porta maior a todos eles&#8221;, destaca a Secret\u00e1ria de Estado de Educa\u00e7\u00e3o, Maria Cec\u00edlia Amendola. &#8220;O empreendedorismo faz parte do hall de compet\u00eancias do S\u00e9culo XXI. Est\u00e1 claro que \u00e9 uma ferramenta de desenvolvimento dos estudantes, para que eles possam se tornar de fato melhores cidad\u00e3os&#8221;, complementa H\u00e9lio Daher, superintendente de pol\u00edticas educacionais da SED.<\/p>\n<p>A parceria teve in\u00edcio no ano passado, quando capacitou 184 professores para levar a tem\u00e1tica empreendedora a mil alunos de 21 escolas da rede. O novo termo pretende ampliar as a\u00e7\u00f5es, com atividades para os ensinos fundamental, m\u00e9dio e profissional.<\/p>\n<p>&#8220;Estimula os alunos a descobrir o que s\u00e3o e para onde v\u00e3o. Quem colhe os frutos dessa parceria \u00e9 a sociedade, j\u00e1 que temos jovens muito mais preparados para os desafios da competitividade empresarial&#8221;, afirma Tito Estanqueiro, diretor de opera\u00e7\u00f5es do Sebrae\/MS.<\/p>\n<p><b>Educa\u00e7\u00e3o Empreendedora<\/b><\/p>\n<p>O programa Educa\u00e7\u00e3o Empreendedora foi desenvolvido pelo Sebrae para disseminar em todo o territ\u00f3rio nacional a cultura empreendedora a estudantes matriculados em institui\u00e7\u00f5es de ensino fundamental, m\u00e9dio, profissionalizante e superior.<\/p>\n<p>O objetivo \u00e9 trabalhar caracter\u00edsticas que ajudem estes jovens a ter o pr\u00f3prio neg\u00f3cio ou levar o esp\u00edrito empreendedor para dentro das organiza\u00e7\u00f5es, como funcion\u00e1rios de vis\u00e3o. Para isso, o Sebrae firma parceria com as institui\u00e7\u00f5es de ensino e capacita os professores que ser\u00e3o respons\u00e1veis por disseminar este conhecimento aos alunos.<\/p>\n<p>As escolas t\u00eam acesso a capacita\u00e7\u00f5es \u2013 como o JEPP (Jovens Empreendedores Primeiros Passos); &#8220;Crescendo e Empreendendo&#8221;; e\u00a0 disciplina de Empreendedorismo \u2013 e a\u00e7\u00f5es que criam um ambiente favor\u00e1vel \u00e0 inova\u00e7\u00e3o e \u00e0 criatividade, estimulando o protagonismo juvenil.<\/p>\n<p>Para aderir, basta que a institui\u00e7\u00e3o de ensino procure o Sebrae\/MS (0800 570 0800).<\/p>\n","protected":false},"excerpt":{"rendered":"<p>O Servi\u00e7o de Apoio \u00e0s Micro e Pequenas Empresas de Mato Grosso do Sul (Sebrae\/MS)&#8230;<\/p>\n","protected":false},"author":1,"featured_media":0,"comment_status":"closed","ping_status":"closed","sticky":false,"template":"","format":"standard","meta":{"footnotes":""},"categories":[10],"tags":[],"class_list":["post-21907","post","type-post","status-publish","format-standard","hentry","category-educacao"],"_links":{"self":[{"href":"https:\/\/www.corumbaonline.com.br\/news\/wp-json\/wp\/v2\/posts\/21907","targetHints":{"allow":["GET"]}}],"collection":[{"href":"https:\/\/www.corumbaonline.com.br\/news\/wp-json\/wp\/v2\/posts"}],"about":[{"href":"https:\/\/www.corumbaonline.com.br\/news\/wp-json\/wp\/v2\/types\/post"}],"author":[{"embeddable":true,"href":"https:\/\/www.corumbaonline.com.br\/news\/wp-json\/wp\/v2\/users\/1"}],"replies":[{"embeddable":true,"href":"https:\/\/www.corumbaonline.com.br\/news\/wp-json\/wp\/v2\/comments?post=21907"}],"version-history":[{"count":1,"href":"https:\/\/www.corumbaonline.com.br\/news\/wp-json\/wp\/v2\/posts\/21907\/revisions"}],"predecessor-version":[{"id":21908,"href":"https:\/\/www.corumbaonline.com.br\/news\/wp-json\/wp\/v2\/posts\/21907\/revisions\/21908"}],"wp:attachment":[{"href":"https:\/\/www.corumbaonline.com.br\/news\/wp-json\/wp\/v2\/media?parent=21907"}],"wp:term":[{"taxonomy":"category","embeddable":true,"href":"https:\/\/www.corumbaonline.com.br\/news\/wp-json\/wp\/v2\/categories?post=21907"},{"taxonomy":"post_tag","embeddable":true,"href":"https:\/\/www.corumbaonline.com.br\/news\/wp-json\/wp\/v2\/tags?post=21907"}],"curies":[{"name":"wp","href":"https:\/\/api.w.org\/{rel}","templated":true}]}}