{"id":21919,"date":"2018-08-28T09:33:13","date_gmt":"2018-08-28T13:33:13","guid":{"rendered":"http:\/\/www.corumbaonline.com.br\/news\/?p=21919"},"modified":"2018-08-28T09:39:13","modified_gmt":"2018-08-28T13:39:13","slug":"producao-industrial-de-ms-segue-em-expansao-aponta-radar-da-fiems","status":"publish","type":"post","link":"https:\/\/www.corumbaonline.com.br\/news\/producao-industrial-de-ms-segue-em-expansao-aponta-radar-da-fiems\/","title":{"rendered":"Produ\u00e7\u00e3o industrial de MS segue em expans\u00e3o, aponta Radar da Fiems"},"content":{"rendered":"<p class=\"x_MsoNormal\">A exemplo do m\u00eas de junho, a produ\u00e7\u00e3o industrial sul-mato-grossense avan\u00e7ou em julho, conforme a Sondagem Industrial realizada pelo Radar Industrial da Fiems junto a 82 empresas no per\u00edodo de 1\u00ba a 13 de agosto de 2018. O \u00edndice de evolu\u00e7\u00e3o da produ\u00e7\u00e3o fechou o m\u00eas em 55,7 pontos, crescimento de 5,8 pontos em rela\u00e7\u00e3o a junho, quando a produ\u00e7\u00e3o j\u00e1 havia avan\u00e7ado por conta da recomposi\u00e7\u00e3o do n\u00edvel de atividade ocorrida ap\u00f3s a paralisa\u00e7\u00e3o dos caminhoneiros.<\/p>\n<p class=\"x_MsoNormal\">\n<p class=\"x_MsoNormal\">\u201cEm s\u00edntese, o resultado indica que o n\u00famero de empresas com produ\u00e7\u00e3o est\u00e1vel ou crescente aumentou na passagem de um m\u00eas para o outro. O levantamento mostra que em julho 79,3% dos estabelecimentos se enquadravam nessa condi\u00e7\u00e3o, contra 70,3% no m\u00eas anterior\u201d, detalhou o coordenador da Unidade de Economia, Estudos e Pesquisas da Fiems, Ezequiel Resende.<\/p>\n<p class=\"x_MsoNormal\">\n<p class=\"x_MsoNormal\">O levantamento tamb\u00e9m apontou que a ociosidade apresenta nova redu\u00e7\u00e3o. \u201cEm julho, a ociosidade m\u00e9dia na ind\u00fastria sul-mato-grossense ficou em 28%, enquanto no m\u00eas anterior esse resultado tinha sido de 30%. Contudo, mesmo com a ligeira melhora, ainda permanece alta a participa\u00e7\u00e3o daqueles que disseram que a utiliza\u00e7\u00e3o da capacidade ficou inferior ao patamar considerado usual para o m\u00eas, em julho, por exemplo, essa foi a condi\u00e7\u00e3o indicada por 39% dos respondentes\u201d, informou o economista.<\/p>\n<p class=\"x_MsoNormal\">\n<p class=\"x_MsoNormal\"><b>Expectativas<\/b><\/p>\n<p class=\"x_MsoNormal\">\n<p class=\"x_MsoNormal\">Ezequiel Resende refor\u00e7a que o \u00edndice de expectativa do empres\u00e1rio industrial revela que a demanda marcou 58,2 pontos, sinalizando expectativa de aumento para os pr\u00f3ximos seis meses a partir de agosto. J\u00e1 o \u00edndice de empregados marcou 50,8 pontos, indicando que o n\u00famero de trabalhadores deve se manter est\u00e1vel nos pr\u00f3ximos seis meses, enquanto no caso da exporta\u00e7\u00e3o o \u00edndice marcou 61,3 pontos, revelando que as vendas para o exterior devem aumentar nos pr\u00f3ximos seis meses a partir de agosto.<\/p>\n<p class=\"x_MsoNormal\">\n<p class=\"x_MsoNormal\">A respeito da inten\u00e7\u00e3o de investimento, o coordenador da Unidade de Economia, Estudos e Pesquisas da Fiems pontua que ela tamb\u00e9m voltou a crescer ap\u00f3s tr\u00eas quedas consecutivas. \u201cO \u00edndice de inten\u00e7\u00e3o de investimento do empres\u00e1rio industrial alcan\u00e7ou 50,2 pontos em agosto, indicando aumento de 2,2 pontos sobre o m\u00eas anterior. Esse resultado interrompeu uma s\u00e9rie de tr\u00eas quedas consecutivas ocorridas a partir de maio\u201d, analisou.<\/p>\n<p class=\"x_MsoNormal\">\n<p class=\"x_MsoNormal\">Contudo, completa Ezequiel Resende, nos \u00faltimos quatro meses o indicador apresenta uma retra\u00e7\u00e3o acumulada de 11,6 pontos. \u201cAt\u00e9 aqui, as decis\u00f5es de investimento dos empres\u00e1rios seguem fortemente influenciadas pelas dificuldades observadas quanto ao ritmo de recupera\u00e7\u00e3o da atividade econ\u00f4mica, pelo aumento das incertezas no campo pol\u00edtico e pelo persistente n\u00edvel de desemprego\u201d, explicou.<\/p>\n<p class=\"x_MsoNormal\">\n<p class=\"x_MsoNormal\"><b>ICEI<\/b><\/p>\n<p class=\"x_MsoNormal\">\n<p class=\"x_MsoNormal\">O \u00cdndice de Confian\u00e7a do Empres\u00e1rio Industrial de Mato Grosso do Sul (ICEI\/MS) avan\u00e7ou, em agosto, alcan\u00e7ando 54,6 pontos, indicando um aumento de 3,1 pontos em rela\u00e7\u00e3o a julho. \u201cEsse resultado interrompeu uma s\u00e9rie de quatro quedas consecutivas ocorridas a partir de abril. Contudo, considerando os \u00faltimos cinco meses, o indicador ainda apresenta uma retra\u00e7\u00e3o acumulada de 6,6 pontos. Por fim, o \u00edndice de confian\u00e7a de agosto de 2018 \u00e9 4,2 pontos inferior ao registrado no mesmo m\u00eas de 2017\u201d, informou o economista.<\/p>\n<p class=\"x_MsoNormal\">\n<p class=\"x_MsoNormal\">Ainda em agosto, 35,4% dos respondentes consideraram que as condi\u00e7\u00f5es atuais da economia brasileira pioraram, no caso da economia estadual, a piora foi apontada por 30,5% dos participantes e, com rela\u00e7\u00e3o \u00e0 pr\u00f3pria empresa, as condi\u00e7\u00f5es atuais est\u00e3o piores para 29,3% dos empres\u00e1rios. Al\u00e9m disso, para 43,9% dos empres\u00e1rios n\u00e3o houve altera\u00e7\u00e3o nas condi\u00e7\u00f5es atuais da economia brasileira, sendo que em rela\u00e7\u00e3o \u00e0 economia sul-mato-grossense esse percentual foi de 46,3% e, a respeito da pr\u00f3pria empresa, o n\u00famero chegou a 42,7%.<\/p>\n<p class=\"x_MsoNormal\">\n<p class=\"x_MsoNormal\">Para 12,2% dos empres\u00e1rios as condi\u00e7\u00f5es atuais da economia brasileira melhoraram e, em rela\u00e7\u00e3o \u00e0 economia estadual, esse percentual tamb\u00e9m chegou a 14,6% e, no caso da pr\u00f3pria empresa, o resultado foi de 17,1%. \u201cJ\u00e1 os que n\u00e3o fizeram qualquer tipo de avalia\u00e7\u00e3o responderam por 8,5%, 8,5% e 11,0%, respectivamente\u201d, avaliou Ezequiel Resende.<\/p>\n<p class=\"x_MsoNormal\">\n<p class=\"x_MsoNormal\"><b>Pessimismo<\/b><\/p>\n<p class=\"x_MsoNormal\">\n<p class=\"x_MsoNormal\">Em agosto, 15,8% dos respondentes disseram que est\u00e3o pessimistas em rela\u00e7\u00e3o \u00e0 economia brasileira, enquanto em rela\u00e7\u00e3o \u00e0 economia estadual o resultado alcan\u00e7ou 14,6% e, quanto ao desempenho da pr\u00f3pria empresa, o pessimismo foi apontado por 12,2% dos empres\u00e1rios. Os que acreditam que a economia brasileira deve permanecer na mesma situa\u00e7\u00e3o ficou em 47,6%, sendo que em rela\u00e7\u00e3o \u00e0 economia do estado esse percentual alcan\u00e7ou 46,3% e, a respeito da pr\u00f3pria empresa, o n\u00famero chegou a 32,9%.<\/p>\n<p class=\"x_MsoNormal\">\n<p class=\"x_MsoNormal\">Por fim, 29,2% dos empres\u00e1rios se mostraram confiantes e acreditam que o desempenho da economia brasileira vai melhorar. J\u00e1 em rela\u00e7\u00e3o \u00e0 economia estadual, esse percentual chegou a 32,9% e, no caso da pr\u00f3pria empresa, 48,8% dos respondentes confiam numa melhora do desempenho apresentado. \u201cOs que n\u00e3o fizeram qualquer tipo de avalia\u00e7\u00e3o das expectativas em rela\u00e7\u00e3o \u00e0 economia brasileira, estadual e do desempenho da pr\u00f3pria empresa responderam por 7,3%, 6,1% e 6,1%, respectivamente\u201d, finalizou o coordenador da Unidade de Economia, Estudos e Pesquisas da Fiems.<\/p>\n","protected":false},"excerpt":{"rendered":"<p>A exemplo do m\u00eas de junho, a produ\u00e7\u00e3o industrial sul-mato-grossense avan\u00e7ou em julho, conforme a&#8230;<\/p>\n","protected":false},"author":1,"featured_media":21920,"comment_status":"closed","ping_status":"closed","sticky":false,"template":"","format":"standard","meta":{"footnotes":""},"categories":[8,9],"tags":[],"class_list":["post-21919","post","type-post","status-publish","format-standard","has-post-thumbnail","hentry","category-destaque","category-economia"],"_links":{"self":[{"href":"https:\/\/www.corumbaonline.com.br\/news\/wp-json\/wp\/v2\/posts\/21919","targetHints":{"allow":["GET"]}}],"collection":[{"href":"https:\/\/www.corumbaonline.com.br\/news\/wp-json\/wp\/v2\/posts"}],"about":[{"href":"https:\/\/www.corumbaonline.com.br\/news\/wp-json\/wp\/v2\/types\/post"}],"author":[{"embeddable":true,"href":"https:\/\/www.corumbaonline.com.br\/news\/wp-json\/wp\/v2\/users\/1"}],"replies":[{"embeddable":true,"href":"https:\/\/www.corumbaonline.com.br\/news\/wp-json\/wp\/v2\/comments?post=21919"}],"version-history":[{"count":1,"href":"https:\/\/www.corumbaonline.com.br\/news\/wp-json\/wp\/v2\/posts\/21919\/revisions"}],"predecessor-version":[{"id":21921,"href":"https:\/\/www.corumbaonline.com.br\/news\/wp-json\/wp\/v2\/posts\/21919\/revisions\/21921"}],"wp:featuredmedia":[{"embeddable":true,"href":"https:\/\/www.corumbaonline.com.br\/news\/wp-json\/wp\/v2\/media\/21920"}],"wp:attachment":[{"href":"https:\/\/www.corumbaonline.com.br\/news\/wp-json\/wp\/v2\/media?parent=21919"}],"wp:term":[{"taxonomy":"category","embeddable":true,"href":"https:\/\/www.corumbaonline.com.br\/news\/wp-json\/wp\/v2\/categories?post=21919"},{"taxonomy":"post_tag","embeddable":true,"href":"https:\/\/www.corumbaonline.com.br\/news\/wp-json\/wp\/v2\/tags?post=21919"}],"curies":[{"name":"wp","href":"https:\/\/api.w.org\/{rel}","templated":true}]}}